{"id":909,"date":"2023-06-08T15:40:30","date_gmt":"2023-06-08T13:40:30","guid":{"rendered":"https:\/\/www.doeer.eu\/en\/?p=909"},"modified":"2023-07-01T12:27:42","modified_gmt":"2023-07-01T10:27:42","slug":"the-doeer-definitions-of-equalities","status":"publish","type":"post","link":"https:\/\/www.doeer.eu\/sl\/the-doeer-definitions-of-equalities\/","title":{"rendered":"DOEER-jeve definicije enakosti "},"content":{"rendered":"\r\n<p>V projektu DOEER smo zbrali in opisali razli\u010dna podro\u010dja enakosti, ki so pomembna za pridobivanje kompetenc o enakosti in enakopravnosti v izobra\u017eevanju in na trgu delovne sile.<\/p>\r\n\r\n\r\n<div class=\"wp-block-image\">\r\n<figure class=\"alignright size-full\"><img loading=\"lazy\" decoding=\"async\" width=\"360\" height=\"500\" class=\"wp-image-984\" src=\"\/wp-content\/uploads\/2023\/07\/card-B4_SL.png\" alt=\"\" srcset=\"https:\/\/www.doeer.eu\/wp-content\/uploads\/2023\/07\/card-B4_SL.png 360w, https:\/\/www.doeer.eu\/wp-content\/uploads\/2023\/07\/card-B4_SL-216x300.png 216w\" sizes=\"auto, (max-width: 360px) 100vw, 360px\" \/><\/figure><\/div>\r\n\r\n\r\n<h2 class=\"wp-block-heading\"><a href=\"\/sl\/intercultural-equality\/\"><strong>Medkulturna enakost<\/strong><\/a><\/h2>\r\n<p>Medkulturna enakost se nana\u0161a na enakovredno obravnavo pripadnikov razli\u010dnih kultur in prepoznavanje razli\u010dnih kulturnih praks.<\/p>\r\n<h2><a href=\"\/sl\/equality-in-opportunities-in-labour-market\/\"><strong>Enake mo\u017enosti na trgu delovne sile<\/strong><\/a><\/h2>\r\n<p>Enake mo\u017enosti na trgu delovne sile pomenijo, da ni sistemskih ovir, ki bi posameznikom prepre\u010devale dostop do zaposlitve ali napredovanja.<\/p>\r\n<h2><a href=\"\/sl\/economic-equality\/\"><strong>Ekonomska enakost<\/strong><\/a><\/h2>\r\n<p>Ekonomska enakost se nana\u0161a na enakovreden dostop do ekonomskih virov, prilo\u017enosti in nagrad.<\/p>\r\n<h2><a href=\"\/sl\/equality-for-persons-with-disabilities\/\"><strong>Enakost oseb s posebnimi potrebami<\/strong><\/a><\/h2>\r\n<p>Enakost oseb s posebnimi potrebami pomeni, da imajo te enak dostop do prilo\u017enosti, pravic in virov kot vse preostale osebe.<\/p>\r\n<h2><a href=\"\/sl\/social-equality\/\"><strong>Dru\u017ebena enakost<\/strong><\/a><\/h2>\r\n<p>Dru\u017ebena enakost se nana\u0161a na enakovredno obravnavo posameznikov, ne glede na njihovo poreklo, dru\u017ebeni status in osebne lastnosti.<\/p>\r\n<h2><a href=\"\/sl\/gender-equality\/\"><strong>Enakost spolov<\/strong><\/a><\/h2>\r\n<p class=\"wp-block-heading\">Enakost spolov se nana\u0161a na enake pravice, prilo\u017enosti in obravnavo posameznikov ne glede na njihov spol.<\/p>\r\n\r\n\r\n\r\n<p>&nbsp;<\/p>\r\n","protected":false},"excerpt":{"rendered":"<p>V projektu DOEER obravnavamo razli\u010dna podro\u010dja enakosti<\/p>\n","protected":false},"author":3,"featured_media":983,"comment_status":"closed","ping_status":"open","sticky":false,"template":"","format":"standard","meta":{"pgc_sgb_lightbox_settings":"","footnotes":""},"categories":[24],"tags":[],"class_list":["post-909","post","type-post","status-publish","format-standard","has-post-thumbnail","hentry","category-news"],"_links":{"self":[{"href":"https:\/\/www.doeer.eu\/sl\/wp-json\/wp\/v2\/posts\/909","targetHints":{"allow":["GET"]}}],"collection":[{"href":"https:\/\/www.doeer.eu\/sl\/wp-json\/wp\/v2\/posts"}],"about":[{"href":"https:\/\/www.doeer.eu\/sl\/wp-json\/wp\/v2\/types\/post"}],"author":[{"embeddable":true,"href":"https:\/\/www.doeer.eu\/sl\/wp-json\/wp\/v2\/users\/3"}],"replies":[{"embeddable":true,"href":"https:\/\/www.doeer.eu\/sl\/wp-json\/wp\/v2\/comments?post=909"}],"version-history":[{"count":15,"href":"https:\/\/www.doeer.eu\/sl\/wp-json\/wp\/v2\/posts\/909\/revisions"}],"predecessor-version":[{"id":978,"href":"https:\/\/www.doeer.eu\/sl\/wp-json\/wp\/v2\/posts\/909\/revisions\/978"}],"wp:featuredmedia":[{"embeddable":true,"href":"https:\/\/www.doeer.eu\/sl\/wp-json\/wp\/v2\/media\/983"}],"wp:attachment":[{"href":"https:\/\/www.doeer.eu\/sl\/wp-json\/wp\/v2\/media?parent=909"}],"wp:term":[{"taxonomy":"category","embeddable":true,"href":"https:\/\/www.doeer.eu\/sl\/wp-json\/wp\/v2\/categories?post=909"},{"taxonomy":"post_tag","embeddable":true,"href":"https:\/\/www.doeer.eu\/sl\/wp-json\/wp\/v2\/tags?post=909"}],"curies":[{"name":"wp","href":"https:\/\/api.w.org\/{rel}","templated":true}]}}