{"id":517,"date":"2023-03-11T17:01:16","date_gmt":"2023-03-11T16:01:16","guid":{"rendered":"https:\/\/www.doeer.eu\/en\/?p=517"},"modified":"2023-04-23T17:58:47","modified_gmt":"2023-04-23T15:58:47","slug":"consultation-of-national-groups-of-experts-counsellors-in-each-project-country","status":"publish","type":"post","link":"https:\/\/www.doeer.eu\/sl\/consultation-of-national-groups-of-experts-counsellors-in-each-project-country\/","title":{"rendered":"Posvetovanje z nacionalnimi skupinami strokovnjakov\/svetovalcev "},"content":{"rendered":"\r\n<figure class=\"wp-block-image size-large\"><img loading=\"lazy\" decoding=\"async\" width=\"1024\" height=\"671\" class=\"wp-image-666\" src=\"https:\/\/www.doeer.eu\/wp-content\/uploads\/2023\/04\/DOEER-A_thumb1-1024x671.png\" alt=\"\" srcset=\"https:\/\/www.doeer.eu\/wp-content\/uploads\/2023\/04\/DOEER-A_thumb1-1024x671.png 1024w, https:\/\/www.doeer.eu\/wp-content\/uploads\/2023\/04\/DOEER-A_thumb1-300x196.png 300w, https:\/\/www.doeer.eu\/wp-content\/uploads\/2023\/04\/DOEER-A_thumb1-768x503.png 768w, https:\/\/www.doeer.eu\/wp-content\/uploads\/2023\/04\/DOEER-A_thumb1.png 1350w\" sizes=\"auto, (max-width: 1024px) 100vw, 1024px\" \/><\/figure>\r\n\r\n\r\n\r\n<p>Vsak projektni parter bo organiziral posvet z nacionalnimi strokovnjaki s podro\u010dja enakosti. Tema posvetov bodo najbolj\u0161e in najslab\u0161e prakse na podro\u010dju enakosti v izobra\u017eevalnem in poslovnem sektorju.<\/p>\r\n\r\n\r\n\r\n<p>V vseh sodelujo\u010dih dr\u017eavah (Italija, Slova\u0161ka, Ciper, Romunija, \u0160panija in Slovenija) bodo oblikovane nacionalne skupine strokovnjakov s podro\u010dja enakosti.<br \/>Posvet s strokovnjaki bo izveden prek spletnega vpra\u0161alnika. V vsaki nacionalni skupini bodo v razpravo vklju\u010deni zaposleni na visoko\u0161olskih zavodih, strokovnjaki, ki se ukvarjajo z visoko\u0161olskim izobra\u017eevanjem, in delavci, ki so izpostavljeni neenakosti. Z njimi se bomo posvetovali o najslab\u0161ih in najbolj\u0161ih praksah, ki so uporabne, primerne in relevantne za ciljno skupino \u0161tudentov visoko\u0161olskega izobra\u017eevanja, s posebnim upo\u0161tevanjem na\u010del na enakosti temelje\u010dih praks v izobra\u017eevalnem in poslovnem sektorju.<\/p>\r\n","protected":false},"excerpt":{"rendered":"<p>Vsak projektni parter bo organiziral posvet z nacionalnimi strokovnjaki s podro\u010dja enakosti. Tema posvetov bodo najbolj\u0161e in najslab\u0161e prakse na podro\u010dju enakosti v izobra\u017eevalnem in poslovnem sektorju<\/p>\n","protected":false},"author":3,"featured_media":666,"comment_status":"closed","ping_status":"closed","sticky":false,"template":"","format":"standard","meta":{"pgc_sgb_lightbox_settings":"","footnotes":""},"categories":[24],"tags":[],"class_list":["post-517","post","type-post","status-publish","format-standard","has-post-thumbnail","hentry","category-news"],"_links":{"self":[{"href":"https:\/\/www.doeer.eu\/sl\/wp-json\/wp\/v2\/posts\/517","targetHints":{"allow":["GET"]}}],"collection":[{"href":"https:\/\/www.doeer.eu\/sl\/wp-json\/wp\/v2\/posts"}],"about":[{"href":"https:\/\/www.doeer.eu\/sl\/wp-json\/wp\/v2\/types\/post"}],"author":[{"embeddable":true,"href":"https:\/\/www.doeer.eu\/sl\/wp-json\/wp\/v2\/users\/3"}],"replies":[{"embeddable":true,"href":"https:\/\/www.doeer.eu\/sl\/wp-json\/wp\/v2\/comments?post=517"}],"version-history":[{"count":4,"href":"https:\/\/www.doeer.eu\/sl\/wp-json\/wp\/v2\/posts\/517\/revisions"}],"predecessor-version":[{"id":667,"href":"https:\/\/www.doeer.eu\/sl\/wp-json\/wp\/v2\/posts\/517\/revisions\/667"}],"wp:featuredmedia":[{"embeddable":true,"href":"https:\/\/www.doeer.eu\/sl\/wp-json\/wp\/v2\/media\/666"}],"wp:attachment":[{"href":"https:\/\/www.doeer.eu\/sl\/wp-json\/wp\/v2\/media?parent=517"}],"wp:term":[{"taxonomy":"category","embeddable":true,"href":"https:\/\/www.doeer.eu\/sl\/wp-json\/wp\/v2\/categories?post=517"},{"taxonomy":"post_tag","embeddable":true,"href":"https:\/\/www.doeer.eu\/sl\/wp-json\/wp\/v2\/tags?post=517"}],"curies":[{"name":"wp","href":"https:\/\/api.w.org\/{rel}","templated":true}]}}