{"id":1453,"date":"2025-06-19T15:03:27","date_gmt":"2025-06-19T13:03:27","guid":{"rendered":"https:\/\/www.doeer.eu\/en\/?p=1453"},"modified":"2025-10-28T21:31:32","modified_gmt":"2025-10-28T20:31:32","slug":"the-doeer-final-project-meeting-innaples","status":"publish","type":"post","link":"https:\/\/www.doeer.eu\/sl\/the-doeer-final-project-meeting-innaples\/","title":{"rendered":"Zaklju\u010dni sestanek projekta DOEER v Neaplju"},"content":{"rendered":"\r\n<p>&nbsp;<\/p>\r\n\r\n\r\n\r\n<figure class=\"wp-block-image size-large\"><img loading=\"lazy\" decoding=\"async\" width=\"1024\" height=\"546\" class=\"wp-image-1465\" src=\"https:\/\/www.doeer.eu\/wp-content\/uploads\/2025\/07\/Team-TPM-Naples-1024x546.png\" alt=\"\" srcset=\"https:\/\/www.doeer.eu\/wp-content\/uploads\/2025\/07\/Team-TPM-Naples-1024x546.png 1024w, https:\/\/www.doeer.eu\/wp-content\/uploads\/2025\/07\/Team-TPM-Naples-300x160.png 300w, https:\/\/www.doeer.eu\/wp-content\/uploads\/2025\/07\/Team-TPM-Naples-768x410.png 768w, https:\/\/www.doeer.eu\/wp-content\/uploads\/2025\/07\/Team-TPM-Naples-1536x820.png 1536w\" sizes=\"auto, (max-width: 1024px) 100vw, 1024px\" \/><\/figure>\r\n\r\n\r\n\r\n<p>&nbsp;<\/p>\r\n<div class=\"QcsUad BDJ8fb BLojaf sMVRZe hCXDsb wneUed\">\r\n<div class=\"usGWQd\">\r\n<div class=\"KkbLmb\">\r\n<div class=\"lRu31\" dir=\"ltr\"><span class=\"HwtZe\" lang=\"sl\"><span class=\"jCAhz ChMk0b\"><span class=\"ryNqvb\">Vsi projektni partnerji so se sestali v Neaplju (Italija) na zadnjem projektnem sre\u010danju, ki ga je 18. in 19. junija organizirala koordinatorica Univerza Federico II v Neaplju.<\/span><\/span><span class=\"jCAhz ChMk0b\"><span class=\"ryNqvb\"> <br \/><br \/>Ob tej prilo\u017enosti so partnerji ocenili vse dose\u017eke ter razpravljali in se dogovorili o strategiji nadaljevanja, da bi zagotovili trajnost rezultatov DOEER po zaklju\u010dku projekta.<\/span><\/span><\/span><\/div>\r\n<\/div>\r\n<\/div>\r\n<\/div>\r\n","protected":false},"excerpt":{"rendered":"<p>Vsi projektni partnerji so se sestali v Neaplju (Italija) na zadnjem projektnem sre\u010danju, ki ga je 18. in 19. junija organizirala koordinatorica Univerza Federico II v Neaplju<\/p>\n","protected":false},"author":3,"featured_media":1465,"comment_status":"closed","ping_status":"open","sticky":false,"template":"","format":"standard","meta":{"pgc_sgb_lightbox_settings":"","footnotes":""},"categories":[24],"tags":[],"class_list":["post-1453","post","type-post","status-publish","format-standard","has-post-thumbnail","hentry","category-news"],"_links":{"self":[{"href":"https:\/\/www.doeer.eu\/sl\/wp-json\/wp\/v2\/posts\/1453","targetHints":{"allow":["GET"]}}],"collection":[{"href":"https:\/\/www.doeer.eu\/sl\/wp-json\/wp\/v2\/posts"}],"about":[{"href":"https:\/\/www.doeer.eu\/sl\/wp-json\/wp\/v2\/types\/post"}],"author":[{"embeddable":true,"href":"https:\/\/www.doeer.eu\/sl\/wp-json\/wp\/v2\/users\/3"}],"replies":[{"embeddable":true,"href":"https:\/\/www.doeer.eu\/sl\/wp-json\/wp\/v2\/comments?post=1453"}],"version-history":[{"count":4,"href":"https:\/\/www.doeer.eu\/sl\/wp-json\/wp\/v2\/posts\/1453\/revisions"}],"predecessor-version":[{"id":1483,"href":"https:\/\/www.doeer.eu\/sl\/wp-json\/wp\/v2\/posts\/1453\/revisions\/1483"}],"wp:featuredmedia":[{"embeddable":true,"href":"https:\/\/www.doeer.eu\/sl\/wp-json\/wp\/v2\/media\/1465"}],"wp:attachment":[{"href":"https:\/\/www.doeer.eu\/sl\/wp-json\/wp\/v2\/media?parent=1453"}],"wp:term":[{"taxonomy":"category","embeddable":true,"href":"https:\/\/www.doeer.eu\/sl\/wp-json\/wp\/v2\/categories?post=1453"},{"taxonomy":"post_tag","embeddable":true,"href":"https:\/\/www.doeer.eu\/sl\/wp-json\/wp\/v2\/tags?post=1453"}],"curies":[{"name":"wp","href":"https:\/\/api.w.org\/{rel}","templated":true}]}}