{"id":1445,"date":"2025-06-30T14:56:00","date_gmt":"2025-06-30T12:56:00","guid":{"rendered":"https:\/\/www.doeer.eu\/en\/?p=1445"},"modified":"2025-10-28T21:42:07","modified_gmt":"2025-10-28T20:42:07","slug":"the-final-international-conference-in-italy","status":"publish","type":"post","link":"https:\/\/www.doeer.eu\/sl\/the-final-international-conference-in-italy\/","title":{"rendered":"Zaklju\u010dna mednarodna konferenca v Italiji"},"content":{"rendered":"\r\n<p>&nbsp;<\/p>\r\n\r\n\r\n\r\n<figure class=\"wp-block-image size-large\"><img loading=\"lazy\" decoding=\"async\" width=\"704\" height=\"1024\" class=\"wp-image-1468\" src=\"https:\/\/www.doeer.eu\/wp-content\/uploads\/2025\/06\/DOEER-Poster-EN-Naples-704x1024.png\" alt=\"\" srcset=\"https:\/\/www.doeer.eu\/wp-content\/uploads\/2025\/06\/DOEER-Poster-EN-Naples-704x1024.png 704w, https:\/\/www.doeer.eu\/wp-content\/uploads\/2025\/06\/DOEER-Poster-EN-Naples-206x300.png 206w, https:\/\/www.doeer.eu\/wp-content\/uploads\/2025\/06\/DOEER-Poster-EN-Naples-768x1117.png 768w, https:\/\/www.doeer.eu\/wp-content\/uploads\/2025\/06\/DOEER-Poster-EN-Naples-1056x1536.png 1056w, https:\/\/www.doeer.eu\/wp-content\/uploads\/2025\/06\/DOEER-Poster-EN-Naples-1408x2048.png 1408w, https:\/\/www.doeer.eu\/wp-content\/uploads\/2025\/06\/DOEER-Poster-EN-Naples-scaled.png 1761w\" sizes=\"auto, (max-width: 704px) 100vw, 704px\" \/><\/figure>\r\n\r\n\r\n\r\n<p>Koordinatorica projekta DOEER, Univerza Federico II v Neaplju, je 20. junija 2025 v Neaplju organizirala zaklju\u010dno mednarodno konferenco projekta DOEER. Dogodka se je udele\u017eilo ve\u010d kot 50 dele\u017enikov, strokovnjakov in \u0161tudentov.<br \/><br \/>Program konference je vklju\u010deval predstavitev na\u010del in rezultatov DOEER ter mo\u017enosti mre\u017eenja in sodelovanja za podporo nadaljevanju rezultatov projekta po zaklju\u010dku.<\/p>\r\n\r\n\r\n\r\n<p>&nbsp;<\/p>\r\n\r\n\r\n\r\n<p>&nbsp;<\/p>\r\n","protected":false},"excerpt":{"rendered":"<p>Koordinatorica projekta DOEER, Univerza Federico II v Neaplju, je 20. junija 2025 v Neaplju organizirala zaklju\u010dno mednarodno konferenco projekta DOEER<\/p>\n","protected":false},"author":3,"featured_media":1468,"comment_status":"closed","ping_status":"open","sticky":false,"template":"","format":"standard","meta":{"pgc_sgb_lightbox_settings":"","footnotes":""},"categories":[24],"tags":[],"class_list":["post-1445","post","type-post","status-publish","format-standard","has-post-thumbnail","hentry","category-news"],"_links":{"self":[{"href":"https:\/\/www.doeer.eu\/sl\/wp-json\/wp\/v2\/posts\/1445","targetHints":{"allow":["GET"]}}],"collection":[{"href":"https:\/\/www.doeer.eu\/sl\/wp-json\/wp\/v2\/posts"}],"about":[{"href":"https:\/\/www.doeer.eu\/sl\/wp-json\/wp\/v2\/types\/post"}],"author":[{"embeddable":true,"href":"https:\/\/www.doeer.eu\/sl\/wp-json\/wp\/v2\/users\/3"}],"replies":[{"embeddable":true,"href":"https:\/\/www.doeer.eu\/sl\/wp-json\/wp\/v2\/comments?post=1445"}],"version-history":[{"count":7,"href":"https:\/\/www.doeer.eu\/sl\/wp-json\/wp\/v2\/posts\/1445\/revisions"}],"predecessor-version":[{"id":1510,"href":"https:\/\/www.doeer.eu\/sl\/wp-json\/wp\/v2\/posts\/1445\/revisions\/1510"}],"wp:featuredmedia":[{"embeddable":true,"href":"https:\/\/www.doeer.eu\/sl\/wp-json\/wp\/v2\/media\/1468"}],"wp:attachment":[{"href":"https:\/\/www.doeer.eu\/sl\/wp-json\/wp\/v2\/media?parent=1445"}],"wp:term":[{"taxonomy":"category","embeddable":true,"href":"https:\/\/www.doeer.eu\/sl\/wp-json\/wp\/v2\/categories?post=1445"},{"taxonomy":"post_tag","embeddable":true,"href":"https:\/\/www.doeer.eu\/sl\/wp-json\/wp\/v2\/tags?post=1445"}],"curies":[{"name":"wp","href":"https:\/\/api.w.org\/{rel}","templated":true}]}}