{"id":1414,"date":"2025-04-24T18:33:39","date_gmt":"2025-04-24T16:33:39","guid":{"rendered":"https:\/\/www.doeer.eu\/en\/?p=1414"},"modified":"2025-10-27T23:03:32","modified_gmt":"2025-10-27T22:03:32","slug":"the-doeer-events","status":"publish","type":"post","link":"https:\/\/www.doeer.eu\/sl\/the-doeer-events\/","title":{"rendered":"Dogodki DOEER za predstavitev vseh rezultatov v dr\u017eavah projekta"},"content":{"rendered":"\r\n<figure class=\"wp-block-image size-large\">\r\n<figure class=\"wp-block-image size-large\">\r\n<figure class=\"wp-block-image size-large\"><img loading=\"lazy\" decoding=\"async\" width=\"1024\" height=\"735\" class=\"wp-image-1435\" src=\"https:\/\/www.doeer.eu\/wp-content\/uploads\/2025\/04\/DOEER_Events-1024x735.jpg\" alt=\"\" srcset=\"https:\/\/www.doeer.eu\/wp-content\/uploads\/2025\/04\/DOEER_Events-1024x735.jpg 1024w, https:\/\/www.doeer.eu\/wp-content\/uploads\/2025\/04\/DOEER_Events-300x215.jpg 300w, https:\/\/www.doeer.eu\/wp-content\/uploads\/2025\/04\/DOEER_Events-768x552.jpg 768w, https:\/\/www.doeer.eu\/wp-content\/uploads\/2025\/04\/DOEER_Events-1536x1103.jpg 1536w, https:\/\/www.doeer.eu\/wp-content\/uploads\/2025\/04\/DOEER_Events-2048x1471.jpg 2048w\" sizes=\"auto, (max-width: 1024px) 100vw, 1024px\" \/><\/figure>\r\n\r\n\r\n\r\n<p><br \/>Projektna ekipa je na\u010drtovala dejavnosti za predstavitev rezultatov DOEER, kot so nacionalni dogodki v dr\u017eavah \u0160panija, Romunija, Slova\u0161ka, Ciper in Slovenija v obdobju april-maj 2025 ter zaklju\u010dna mednarodna konferenca v Italiji junija 2025.<\/p>\r\n\r\n\r\n\r\n<div class=\"wp-block-spacer\" style=\"height: 20px;\" aria-hidden=\"true\">&nbsp;<\/div>\r\n\r\n\r\n\r\n<h2 class=\"wp-block-heading\">Koledar nacionalnih dogodkov v dr\u017eavah projektai<\/h2>\r\n\r\n\r\n\r\n<p><strong>28. april 2025<\/strong>: Sevilla, \u0160panija<br \/><strong>5. maj 2025<\/strong>: Bratislava, Slova\u0161ka<br \/><strong>7. maj 2025<\/strong>: Ljubljana, Slovenija<br \/><strong>20. maj 2025<\/strong>: Bukare\u0161ta, Romunija<br \/><strong>26. maj 2025<\/strong>: Nikozija, Ciper<br \/><br \/><\/p>\r\n<h2 class=\"wp-block-heading\">Zaklju\u010dna mednarodna konferenca v Italij<\/h2>\r\n<p>Zaklju\u010dna mednarodna konferenca bo potekala v Neaplju (Italija). Ta dogodek bo<strong> 20. junija 2025<\/strong> organiziral koordinator projekta <strong>Univerza Federico II v Neaplju &#8211; Oddelek za politi\u010dne vede<\/strong>.<\/p>\r\n<\/figure>\r\n<\/figure>\r\n","protected":false},"excerpt":{"rendered":"<p>Rezultati DOEER bodo predstavljeni na namenskih nacionalnih dogodkih, ki bodo organizirani od aprila do junija 2025 v vseh dr\u017eavah projekta<\/p>\n","protected":false},"author":3,"featured_media":1435,"comment_status":"closed","ping_status":"open","sticky":false,"template":"","format":"standard","meta":{"pgc_sgb_lightbox_settings":"","footnotes":""},"categories":[24],"tags":[],"class_list":["post-1414","post","type-post","status-publish","format-standard","has-post-thumbnail","hentry","category-news"],"_links":{"self":[{"href":"https:\/\/www.doeer.eu\/sl\/wp-json\/wp\/v2\/posts\/1414","targetHints":{"allow":["GET"]}}],"collection":[{"href":"https:\/\/www.doeer.eu\/sl\/wp-json\/wp\/v2\/posts"}],"about":[{"href":"https:\/\/www.doeer.eu\/sl\/wp-json\/wp\/v2\/types\/post"}],"author":[{"embeddable":true,"href":"https:\/\/www.doeer.eu\/sl\/wp-json\/wp\/v2\/users\/3"}],"replies":[{"embeddable":true,"href":"https:\/\/www.doeer.eu\/sl\/wp-json\/wp\/v2\/comments?post=1414"}],"version-history":[{"count":17,"href":"https:\/\/www.doeer.eu\/sl\/wp-json\/wp\/v2\/posts\/1414\/revisions"}],"predecessor-version":[{"id":1464,"href":"https:\/\/www.doeer.eu\/sl\/wp-json\/wp\/v2\/posts\/1414\/revisions\/1464"}],"wp:featuredmedia":[{"embeddable":true,"href":"https:\/\/www.doeer.eu\/sl\/wp-json\/wp\/v2\/media\/1435"}],"wp:attachment":[{"href":"https:\/\/www.doeer.eu\/sl\/wp-json\/wp\/v2\/media?parent=1414"}],"wp:term":[{"taxonomy":"category","embeddable":true,"href":"https:\/\/www.doeer.eu\/sl\/wp-json\/wp\/v2\/categories?post=1414"},{"taxonomy":"post_tag","embeddable":true,"href":"https:\/\/www.doeer.eu\/sl\/wp-json\/wp\/v2\/tags?post=1414"}],"curies":[{"name":"wp","href":"https:\/\/api.w.org\/{rel}","templated":true}]}}