{"id":1364,"date":"2025-04-01T10:53:02","date_gmt":"2025-04-01T08:53:02","guid":{"rendered":"https:\/\/www.doeer.eu\/en\/?p=1364"},"modified":"2025-04-02T13:01:25","modified_gmt":"2025-04-02T11:01:25","slug":"the-he-students-mobility-event-in-slovenia-to-pilot-the-doeer-online-course","status":"publish","type":"post","link":"https:\/\/www.doeer.eu\/sl\/the-he-students-mobility-event-in-slovenia-to-pilot-the-doeer-online-course\/","title":{"rendered":"\u0160tudenti so v Sloveniji preizkusili u\u010dne module DOEER"},"content":{"rendered":"\r\n<p><br \/><br \/>Med 24. in 28. marcem 2025 so se na dogodku v organizaciji lokalnega partnerja, Zavoda Novi turizem, v Ljubljani zbrali \u0161tudenti iz Italije, \u0160panije, Romunije, Slova\u0161ke in Cipra ter njihovi slovenski vrstniki.<\/p>\r\n\r\n\r\n\r\n<p>Skupno 30 udele\u017eencev je spoznavalo in delilo dobre prakse, testiralo DOEER u\u010dne vsebine (<a href=\"https:\/\/equalitycourse.doeer.eu\/\"><strong>https:\/\/equalitycourse.doeer.eu\/<\/strong><\/a>) in obiskalo turisti\u010dne ponudnike po vsej Sloveniji. Poudarek terenskih obiskov je bil na vklju\u010dujo\u010dih, trajnostnih in dostopnih praksah.<br \/><br \/><\/p>\r\n\r\n\r\n<div class=\"pgc-sgb-cb wp-block-pgcsimplygalleryblock-justified \" data-gallery-id=\"3a795778\"><div class=\"sgb-preloader\" id=\"pr_3a795778\">\n\t<div class=\"sgb-square\" style=\"background:#d4d4d4\"><\/div>\n\t<div class=\"sgb-square\" style=\"background:#d4d4d4\"><\/div>\n\t<div class=\"sgb-square\" style=\"background:#d4d4d4\"><\/div>\n\t<div class=\"sgb-square\" style=\"background:#d4d4d4\"><\/div><\/div><div class=\"simply-gallery-amp pgc_sgb_slider \" style=\"display: none;\"><div class=\"sgb-gallery\"><div class=\"sgb-item\"><a href=\"https:\/\/www.doeer.eu\/the-he-students-mobility-event-in-slovenia-to-pilot-the-doeer-online-course\/d669a12d-d6a3-409c-a578-5a3562d8938e-2\/\" target=\"_blank\"><img decoding=\"async\" alt=\"\" width=\"300\" height=\"225\" loading=\"lazy\" src=\"https:\/\/www.doeer.eu\/wp-content\/uploads\/2025\/04\/d669a12d-d6a3-409c-a578-5a3562d8938e-1-300x225.jpg\" srcset=\"https:\/\/www.doeer.eu\/wp-content\/uploads\/2025\/04\/d669a12d-d6a3-409c-a578-5a3562d8938e-1-300x225.jpg 300w,https:\/\/www.doeer.eu\/wp-content\/uploads\/2025\/04\/d669a12d-d6a3-409c-a578-5a3562d8938e-1-1024x768.jpg 1024w,https:\/\/www.doeer.eu\/wp-content\/uploads\/2025\/04\/d669a12d-d6a3-409c-a578-5a3562d8938e-1.jpg 1600w\" sizes=\"auto, 250px\"\/><\/a><\/div><div class=\"sgb-item\"><a href=\"https:\/\/www.doeer.eu\/the-he-students-mobility-event-in-slovenia-to-pilot-the-doeer-online-course\/img_6898-copy-copy\/\" target=\"_blank\"><img decoding=\"async\" alt=\"\" width=\"248\" height=\"300\" loading=\"lazy\" src=\"https:\/\/www.doeer.eu\/wp-content\/uploads\/2025\/04\/IMG_6898-Copy-Copy-248x300.jpg\" srcset=\"https:\/\/www.doeer.eu\/wp-content\/uploads\/2025\/04\/IMG_6898-Copy-Copy-248x300.jpg 248w,https:\/\/www.doeer.eu\/wp-content\/uploads\/2025\/04\/IMG_6898-Copy-Copy-846x1024.jpg 846w,https:\/\/www.doeer.eu\/wp-content\/uploads\/2025\/04\/IMG_6898-Copy-Copy.jpg 1904w\" sizes=\"auto, 250px\"\/><\/a><\/div><div class=\"sgb-item\"><a href=\"https:\/\/www.doeer.eu\/the-he-students-mobility-event-in-slovenia-to-pilot-the-doeer-online-course\/img_20250325_130820\/\" target=\"_blank\"><img decoding=\"async\" alt=\"\" width=\"300\" height=\"225\" loading=\"lazy\" src=\"https:\/\/www.doeer.eu\/wp-content\/uploads\/2025\/04\/IMG_20250325_130820-300x225.jpg\" srcset=\"https:\/\/www.doeer.eu\/wp-content\/uploads\/2025\/04\/IMG_20250325_130820-300x225.jpg 300w,https:\/\/www.doeer.eu\/wp-content\/uploads\/2025\/04\/IMG_20250325_130820-1024x768.jpg 1024w,https:\/\/www.doeer.eu\/wp-content\/uploads\/2025\/04\/IMG_20250325_130820-scaled.jpg 2560w\" sizes=\"auto, 250px\"\/><\/a><\/div><div class=\"sgb-item\"><a href=\"https:\/\/www.doeer.eu\/the-he-students-mobility-event-in-slovenia-to-pilot-the-doeer-online-course\/2eb74657-332d-4174-80cb-4c708f1b5767\/\" target=\"_blank\"><img decoding=\"async\" alt=\"\" width=\"300\" height=\"225\" loading=\"lazy\" src=\"https:\/\/www.doeer.eu\/wp-content\/uploads\/2025\/04\/2eb74657-332d-4174-80cb-4c708f1b5767-300x225.jpg\" srcset=\"https:\/\/www.doeer.eu\/wp-content\/uploads\/2025\/04\/2eb74657-332d-4174-80cb-4c708f1b5767-300x225.jpg 300w,https:\/\/www.doeer.eu\/wp-content\/uploads\/2025\/04\/2eb74657-332d-4174-80cb-4c708f1b5767-1024x768.jpg 1024w,https:\/\/www.doeer.eu\/wp-content\/uploads\/2025\/04\/2eb74657-332d-4174-80cb-4c708f1b5767.jpg 1600w\" sizes=\"auto, 250px\"\/><\/a><\/div><div class=\"sgb-item\"><a href=\"https:\/\/www.doeer.eu\/the-he-students-mobility-event-in-slovenia-to-pilot-the-doeer-online-course\/img_6520\/\" target=\"_blank\"><img decoding=\"async\" alt=\"\" width=\"225\" height=\"300\" loading=\"lazy\" src=\"https:\/\/www.doeer.eu\/wp-content\/uploads\/2025\/04\/IMG_6520-225x300.jpg\" srcset=\"https:\/\/www.doeer.eu\/wp-content\/uploads\/2025\/04\/IMG_6520-225x300.jpg 225w,https:\/\/www.doeer.eu\/wp-content\/uploads\/2025\/04\/IMG_6520-768x1024.jpg 768w,https:\/\/www.doeer.eu\/wp-content\/uploads\/2025\/04\/IMG_6520-scaled.jpg 1920w\" sizes=\"auto, 250px\"\/><\/a><\/div><div class=\"sgb-item\"><a href=\"https:\/\/www.doeer.eu\/the-he-students-mobility-event-in-slovenia-to-pilot-the-doeer-online-course\/img_6848\/\" target=\"_blank\"><img decoding=\"async\" alt=\"\" width=\"285\" height=\"300\" loading=\"lazy\" src=\"https:\/\/www.doeer.eu\/wp-content\/uploads\/2025\/04\/IMG_6848-285x300.jpg\" srcset=\"https:\/\/www.doeer.eu\/wp-content\/uploads\/2025\/04\/IMG_6848-285x300.jpg 285w,https:\/\/www.doeer.eu\/wp-content\/uploads\/2025\/04\/IMG_6848-974x1024.jpg 974w,https:\/\/www.doeer.eu\/wp-content\/uploads\/2025\/04\/IMG_6848-scaled.jpg 2436w\" sizes=\"auto, 250px\"\/><\/a><\/div><div class=\"sgb-item\"><a href=\"https:\/\/www.doeer.eu\/the-he-students-mobility-event-in-slovenia-to-pilot-the-doeer-online-course\/20250325_133414\/\" target=\"_blank\"><img decoding=\"async\" alt=\"\" width=\"169\" height=\"300\" loading=\"lazy\" src=\"https:\/\/www.doeer.eu\/wp-content\/uploads\/2025\/04\/20250325_133414-169x300.jpg\" srcset=\"https:\/\/www.doeer.eu\/wp-content\/uploads\/2025\/04\/20250325_133414-169x300.jpg 169w,https:\/\/www.doeer.eu\/wp-content\/uploads\/2025\/04\/20250325_133414-576x1024.jpg 576w,https:\/\/www.doeer.eu\/wp-content\/uploads\/2025\/04\/20250325_133414-scaled.jpg 1440w\" sizes=\"auto, 250px\"\/><\/a><\/div><div class=\"sgb-item\"><a href=\"https:\/\/www.doeer.eu\/the-he-students-mobility-event-in-slovenia-to-pilot-the-doeer-online-course\/84676d03-502e-41ed-8663-f5a03ff0fcff\/\" target=\"_blank\"><img decoding=\"async\" alt=\"\" width=\"300\" height=\"225\" loading=\"lazy\" src=\"https:\/\/www.doeer.eu\/wp-content\/uploads\/2025\/04\/84676d03-502e-41ed-8663-f5a03ff0fcff-300x225.jpg\" srcset=\"https:\/\/www.doeer.eu\/wp-content\/uploads\/2025\/04\/84676d03-502e-41ed-8663-f5a03ff0fcff-300x225.jpg 300w,https:\/\/www.doeer.eu\/wp-content\/uploads\/2025\/04\/84676d03-502e-41ed-8663-f5a03ff0fcff-1024x768.jpg 1024w,https:\/\/www.doeer.eu\/wp-content\/uploads\/2025\/04\/84676d03-502e-41ed-8663-f5a03ff0fcff.jpg 2048w\" sizes=\"auto, 250px\"\/><\/a><\/div><div class=\"sgb-item\"><a href=\"https:\/\/www.doeer.eu\/the-he-students-mobility-event-in-slovenia-to-pilot-the-doeer-online-course\/img_6510\/\" target=\"_blank\"><img decoding=\"async\" alt=\"\" width=\"300\" height=\"225\" loading=\"lazy\" src=\"https:\/\/www.doeer.eu\/wp-content\/uploads\/2025\/04\/IMG_6510-300x225.jpg\" srcset=\"https:\/\/www.doeer.eu\/wp-content\/uploads\/2025\/04\/IMG_6510-300x225.jpg 300w,https:\/\/www.doeer.eu\/wp-content\/uploads\/2025\/04\/IMG_6510-1024x768.jpg 1024w,https:\/\/www.doeer.eu\/wp-content\/uploads\/2025\/04\/IMG_6510-scaled.jpg 2560w\" sizes=\"auto, 250px\"\/><\/a><\/div><div class=\"sgb-item\"><a href=\"https:\/\/www.doeer.eu\/the-he-students-mobility-event-in-slovenia-to-pilot-the-doeer-online-course\/progetto-senza-titolo\/\" target=\"_blank\"><img decoding=\"async\" alt=\"\" width=\"300\" height=\"225\" loading=\"lazy\" src=\"https:\/\/www.doeer.eu\/wp-content\/uploads\/2025\/04\/Progetto-senza-titolo-300x225.png\" srcset=\"https:\/\/www.doeer.eu\/wp-content\/uploads\/2025\/04\/Progetto-senza-titolo-300x225.png 300w,https:\/\/www.doeer.eu\/wp-content\/uploads\/2025\/04\/Progetto-senza-titolo-1024x768.png 1024w,https:\/\/www.doeer.eu\/wp-content\/uploads\/2025\/04\/Progetto-senza-titolo.png 4032w\" sizes=\"auto, 250px\"\/><\/a><\/div><div class=\"sgb-item\"><a href=\"https:\/\/www.doeer.eu\/the-he-students-mobility-event-in-slovenia-to-pilot-the-doeer-online-course\/img_20250325_133355\/\" target=\"_blank\"><img decoding=\"async\" alt=\"\" width=\"300\" height=\"225\" loading=\"lazy\" src=\"https:\/\/www.doeer.eu\/wp-content\/uploads\/2025\/04\/IMG_20250325_133355-300x225.jpg\" srcset=\"https:\/\/www.doeer.eu\/wp-content\/uploads\/2025\/04\/IMG_20250325_133355-300x225.jpg 300w,https:\/\/www.doeer.eu\/wp-content\/uploads\/2025\/04\/IMG_20250325_133355-1024x768.jpg 1024w,https:\/\/www.doeer.eu\/wp-content\/uploads\/2025\/04\/IMG_20250325_133355-scaled.jpg 2560w\" sizes=\"auto, 250px\"\/><\/a><\/div><div class=\"sgb-item\"><a href=\"https:\/\/www.doeer.eu\/the-he-students-mobility-event-in-slovenia-to-pilot-the-doeer-online-course\/img_6964\/\" target=\"_blank\"><img decoding=\"async\" alt=\"\" width=\"225\" height=\"300\" loading=\"lazy\" src=\"https:\/\/www.doeer.eu\/wp-content\/uploads\/2025\/04\/IMG_6964-225x300.jpg\" srcset=\"https:\/\/www.doeer.eu\/wp-content\/uploads\/2025\/04\/IMG_6964-225x300.jpg 225w,https:\/\/www.doeer.eu\/wp-content\/uploads\/2025\/04\/IMG_6964-768x1024.jpg 768w,https:\/\/www.doeer.eu\/wp-content\/uploads\/2025\/04\/IMG_6964-scaled.jpg 1920w\" sizes=\"auto, 250px\"\/><\/a><\/div><div class=\"sgb-item\"><a href=\"https:\/\/www.doeer.eu\/the-he-students-mobility-event-in-slovenia-to-pilot-the-doeer-online-course\/img_20250325_113709\/\" target=\"_blank\"><img decoding=\"async\" alt=\"\" width=\"300\" height=\"225\" loading=\"lazy\" src=\"https:\/\/www.doeer.eu\/wp-content\/uploads\/2025\/04\/IMG_20250325_113709-300x225.jpg\" srcset=\"https:\/\/www.doeer.eu\/wp-content\/uploads\/2025\/04\/IMG_20250325_113709-300x225.jpg 300w,https:\/\/www.doeer.eu\/wp-content\/uploads\/2025\/04\/IMG_20250325_113709-1024x768.jpg 1024w,https:\/\/www.doeer.eu\/wp-content\/uploads\/2025\/04\/IMG_20250325_113709-scaled.jpg 2560w\" sizes=\"auto, 250px\"\/><\/a><\/div><div class=\"sgb-item\"><a href=\"https:\/\/www.doeer.eu\/the-he-students-mobility-event-in-slovenia-to-pilot-the-doeer-online-course\/img_6882\/\" target=\"_blank\"><img decoding=\"async\" alt=\"\" width=\"225\" height=\"300\" loading=\"lazy\" src=\"https:\/\/www.doeer.eu\/wp-content\/uploads\/2025\/04\/IMG_6882-225x300.jpg\" srcset=\"https:\/\/www.doeer.eu\/wp-content\/uploads\/2025\/04\/IMG_6882-225x300.jpg 225w,https:\/\/www.doeer.eu\/wp-content\/uploads\/2025\/04\/IMG_6882-768x1024.jpg 768w,https:\/\/www.doeer.eu\/wp-content\/uploads\/2025\/04\/IMG_6882-scaled.jpg 1920w\" sizes=\"auto, 250px\"\/><\/a><\/div><div class=\"sgb-item\"><a href=\"https:\/\/www.doeer.eu\/the-he-students-mobility-event-in-slovenia-to-pilot-the-doeer-online-course\/img_6514\/\" target=\"_blank\"><img decoding=\"async\" alt=\"\" width=\"225\" height=\"300\" loading=\"lazy\" src=\"https:\/\/www.doeer.eu\/wp-content\/uploads\/2025\/04\/IMG_6514-225x300.jpg\" srcset=\"https:\/\/www.doeer.eu\/wp-content\/uploads\/2025\/04\/IMG_6514-225x300.jpg 225w,https:\/\/www.doeer.eu\/wp-content\/uploads\/2025\/04\/IMG_6514-768x1024.jpg 768w,https:\/\/www.doeer.eu\/wp-content\/uploads\/2025\/04\/IMG_6514-scaled.jpg 1920w\" sizes=\"auto, 250px\"\/><\/a><\/div><div class=\"sgb-item\"><a href=\"https:\/\/www.doeer.eu\/the-feedback-of-the-participants-to-the-pilot-activity\/progetto-senza-titolo-2\/\" target=\"_blank\"><img decoding=\"async\" alt=\"Students during pilot\" width=\"300\" height=\"146\" loading=\"lazy\" src=\"https:\/\/www.doeer.eu\/wp-content\/uploads\/2025\/04\/Progetto-senza-titolo-2-300x146.png\" srcset=\"https:\/\/www.doeer.eu\/wp-content\/uploads\/2025\/04\/Progetto-senza-titolo-2-300x146.png 300w,https:\/\/www.doeer.eu\/wp-content\/uploads\/2025\/04\/Progetto-senza-titolo-2-1024x500.png 1024w,https:\/\/www.doeer.eu\/wp-content\/uploads\/2025\/04\/Progetto-senza-titolo-2.png 3754w\" sizes=\"auto, 250px\"\/><\/a><\/div><div class=\"sgb-item\"><a href=\"https:\/\/www.doeer.eu\/the-feedback-of-the-participants-to-the-pilot-activity\/immagine-2025-01-28-113741_2\/\" target=\"_blank\"><img decoding=\"async\" alt=\"Students\" width=\"300\" height=\"90\" loading=\"lazy\" src=\"https:\/\/www.doeer.eu\/wp-content\/uploads\/2025\/04\/Immagine-2025-01-28-113741_2-300x90.png\" srcset=\"https:\/\/www.doeer.eu\/wp-content\/uploads\/2025\/04\/Immagine-2025-01-28-113741_2-300x90.png 300w,https:\/\/www.doeer.eu\/wp-content\/uploads\/2025\/04\/Immagine-2025-01-28-113741_2-1024x308.png 1024w,https:\/\/www.doeer.eu\/wp-content\/uploads\/2025\/04\/Immagine-2025-01-28-113741_2.png 3672w\" sizes=\"auto, 250px\"\/><\/a><\/div><div class=\"sgb-item\"><a href=\"https:\/\/www.doeer.eu\/the-he-students-mobility-event-in-slovenia-to-pilot-the-doeer-online-course\/img_6525\/\" target=\"_blank\"><img decoding=\"async\" alt=\"\" width=\"300\" height=\"225\" loading=\"lazy\" src=\"https:\/\/www.doeer.eu\/wp-content\/uploads\/2025\/04\/IMG_6525-300x225.jpg\" srcset=\"https:\/\/www.doeer.eu\/wp-content\/uploads\/2025\/04\/IMG_6525-300x225.jpg 300w,https:\/\/www.doeer.eu\/wp-content\/uploads\/2025\/04\/IMG_6525-1024x768.jpg 1024w,https:\/\/www.doeer.eu\/wp-content\/uploads\/2025\/04\/IMG_6525-scaled.jpg 2560w\" sizes=\"auto, 250px\"\/><\/a><\/div><div class=\"sgb-item\"><a href=\"https:\/\/www.doeer.eu\/the-he-students-mobility-event-in-slovenia-to-pilot-the-doeer-online-course\/6d9012f1-030f-433a-ab1f-6f88bbd7dc77\/\" target=\"_blank\"><img decoding=\"async\" alt=\"\" width=\"300\" height=\"225\" loading=\"lazy\" src=\"https:\/\/www.doeer.eu\/wp-content\/uploads\/2025\/04\/6d9012f1-030f-433a-ab1f-6f88bbd7dc77-300x225.jpg\" srcset=\"https:\/\/www.doeer.eu\/wp-content\/uploads\/2025\/04\/6d9012f1-030f-433a-ab1f-6f88bbd7dc77-300x225.jpg 300w,https:\/\/www.doeer.eu\/wp-content\/uploads\/2025\/04\/6d9012f1-030f-433a-ab1f-6f88bbd7dc77-1024x768.jpg 1024w,https:\/\/www.doeer.eu\/wp-content\/uploads\/2025\/04\/6d9012f1-030f-433a-ab1f-6f88bbd7dc77.jpg 1600w\" sizes=\"auto, 250px\"\/><\/a><\/div><div class=\"sgb-item\"><a href=\"https:\/\/www.doeer.eu\/the-he-students-mobility-event-in-slovenia-to-pilot-the-doeer-online-course\/img_6909\/\" target=\"_blank\"><img decoding=\"async\" alt=\"\" width=\"271\" height=\"300\" loading=\"lazy\" src=\"https:\/\/www.doeer.eu\/wp-content\/uploads\/2025\/04\/IMG_6909-271x300.jpg\" srcset=\"https:\/\/www.doeer.eu\/wp-content\/uploads\/2025\/04\/IMG_6909-271x300.jpg 271w,https:\/\/www.doeer.eu\/wp-content\/uploads\/2025\/04\/IMG_6909-924x1024.jpg 924w,https:\/\/www.doeer.eu\/wp-content\/uploads\/2025\/04\/IMG_6909-scaled.jpg 2309w\" sizes=\"auto, 250px\"\/><\/a><\/div><div class=\"sgb-item\"><a href=\"https:\/\/www.doeer.eu\/the-he-students-mobility-event-in-slovenia-to-pilot-the-doeer-online-course\/img_6897\/\" target=\"_blank\"><img decoding=\"async\" alt=\"\" width=\"225\" height=\"300\" loading=\"lazy\" src=\"https:\/\/www.doeer.eu\/wp-content\/uploads\/2025\/04\/IMG_6897-225x300.jpg\" srcset=\"https:\/\/www.doeer.eu\/wp-content\/uploads\/2025\/04\/IMG_6897-225x300.jpg 225w,https:\/\/www.doeer.eu\/wp-content\/uploads\/2025\/04\/IMG_6897-768x1024.jpg 768w,https:\/\/www.doeer.eu\/wp-content\/uploads\/2025\/04\/IMG_6897-scaled.jpg 1920w\" sizes=\"auto, 250px\"\/><\/a><\/div><div class=\"sgb-item\"><a href=\"https:\/\/www.doeer.eu\/the-he-students-mobility-event-in-slovenia-to-pilot-the-doeer-online-course\/img_20250325_113726\/\" target=\"_blank\"><img decoding=\"async\" alt=\"\" width=\"225\" height=\"300\" loading=\"lazy\" src=\"https:\/\/www.doeer.eu\/wp-content\/uploads\/2025\/04\/IMG_20250325_113726-225x300.jpg\" srcset=\"https:\/\/www.doeer.eu\/wp-content\/uploads\/2025\/04\/IMG_20250325_113726-225x300.jpg 225w,https:\/\/www.doeer.eu\/wp-content\/uploads\/2025\/04\/IMG_20250325_113726-768x1024.jpg 768w,https:\/\/www.doeer.eu\/wp-content\/uploads\/2025\/04\/IMG_20250325_113726-scaled.jpg 1920w\" sizes=\"auto, 250px\"\/><\/a><\/div><\/div><\/div><script type=\"application\/json\" class=\"sgb-data\">{\"lastRowFill\":true,\"thumbSpacing\":15,\"galleryType\":\"pgc_sgb_justified\",\"galleryId\":\"3a795778\",\"images\":[{\"id\":1379,\"title\":\"d669a12d-d6a3-409c-a578-5a3562d8938e\",\"url\":\"https:\/\/www.doeer.eu\/wp-content\/uploads\/2025\/04\/d669a12d-d6a3-409c-a578-5a3562d8938e-1.jpg\",\"link\":\"https:\/\/www.doeer.eu\/the-he-students-mobility-event-in-slovenia-to-pilot-the-doeer-online-course\/d669a12d-d6a3-409c-a578-5a3562d8938e-2\/\",\"alt\":\"\",\"description\":\"\",\"caption\":\"\",\"mime\":\"image\/jpeg\",\"type\":\"image\",\"width\":1600,\"height\":1200,\"sizes\":{\"thumbnail\":{\"height\":150,\"width\":150,\"url\":\"https:\/\/www.doeer.eu\/wp-content\/uploads\/2025\/04\/d669a12d-d6a3-409c-a578-5a3562d8938e-1-150x150.jpg\",\"orientation\":\"landscape\"},\"medium\":{\"height\":225,\"width\":300,\"url\":\"https:\/\/www.doeer.eu\/wp-content\/uploads\/2025\/04\/d669a12d-d6a3-409c-a578-5a3562d8938e-1-300x225.jpg\",\"orientation\":\"landscape\"},\"large\":{\"height\":768,\"width\":1024,\"url\":\"https:\/\/www.doeer.eu\/wp-content\/uploads\/2025\/04\/d669a12d-d6a3-409c-a578-5a3562d8938e-1-1024x768.jpg\",\"orientation\":\"landscape\"},\"full\":{\"url\":\"https:\/\/www.doeer.eu\/wp-content\/uploads\/2025\/04\/d669a12d-d6a3-409c-a578-5a3562d8938e-1.jpg\",\"height\":1200,\"width\":1600,\"orientation\":\"landscape\"}},\"imageMeta\":{\"aperture\":\"0\",\"credit\":\"\",\"camera\":\"\",\"caption\":\"\",\"created_timestamp\":\"0\",\"copyright\":\"\",\"focal_length\":\"0\",\"iso\":\"0\",\"shutter_speed\":\"0\",\"title\":\"\",\"orientation\":\"0\",\"keywords\":[]},\"meta\":false,\"postlink\":\"https:\/\/www.doeer.eu\/the-he-students-mobility-event-in-slovenia-to-pilot-the-doeer-online-course\/d669a12d-d6a3-409c-a578-5a3562d8938e-2\/\"},{\"id\":1388,\"title\":\"IMG_6898 Copy Copy\",\"url\":\"https:\/\/www.doeer.eu\/wp-content\/uploads\/2025\/04\/IMG_6898-Copy-Copy.jpg\",\"link\":\"https:\/\/www.doeer.eu\/the-he-students-mobility-event-in-slovenia-to-pilot-the-doeer-online-course\/img_6898-copy-copy\/\",\"alt\":\"\",\"description\":\"\",\"caption\":\"\",\"mime\":\"image\/jpeg\",\"type\":\"image\",\"width\":1904,\"height\":2304,\"sizes\":{\"thumbnail\":{\"height\":150,\"width\":150,\"url\":\"https:\/\/www.doeer.eu\/wp-content\/uploads\/2025\/04\/IMG_6898-Copy-Copy-150x150.jpg\",\"orientation\":\"landscape\"},\"medium\":{\"height\":300,\"width\":248,\"url\":\"https:\/\/www.doeer.eu\/wp-content\/uploads\/2025\/04\/IMG_6898-Copy-Copy-248x300.jpg\",\"orientation\":\"portrait\"},\"large\":{\"height\":1024,\"width\":846,\"url\":\"https:\/\/www.doeer.eu\/wp-content\/uploads\/2025\/04\/IMG_6898-Copy-Copy-846x1024.jpg\",\"orientation\":\"portrait\"},\"full\":{\"url\":\"https:\/\/www.doeer.eu\/wp-content\/uploads\/2025\/04\/IMG_6898-Copy-Copy.jpg\",\"height\":2304,\"width\":1904,\"orientation\":\"portrait\"}},\"imageMeta\":{\"aperture\":\"1.78\",\"credit\":\"\",\"camera\":\"iPhone 14 Pro\",\"caption\":\"\",\"created_timestamp\":\"1742907567\",\"copyright\":\"\",\"focal_length\":\"6.86\",\"iso\":\"200\",\"shutter_speed\":\"0.0083333333333333\",\"title\":\"\",\"orientation\":\"0\",\"keywords\":[]},\"meta\":false,\"postlink\":\"https:\/\/www.doeer.eu\/the-he-students-mobility-event-in-slovenia-to-pilot-the-doeer-online-course\/img_6898-copy-copy\/\"},{\"id\":1391,\"title\":\"IMG_20250325_130820\",\"url\":\"https:\/\/www.doeer.eu\/wp-content\/uploads\/2025\/04\/IMG_20250325_130820-scaled.jpg\",\"link\":\"https:\/\/www.doeer.eu\/the-he-students-mobility-event-in-slovenia-to-pilot-the-doeer-online-course\/img_20250325_130820\/\",\"alt\":\"\",\"description\":\"\",\"caption\":\"\",\"mime\":\"image\/jpeg\",\"type\":\"image\",\"width\":2560,\"height\":1920,\"sizes\":{\"thumbnail\":{\"height\":150,\"width\":150,\"url\":\"https:\/\/www.doeer.eu\/wp-content\/uploads\/2025\/04\/IMG_20250325_130820-150x150.jpg\",\"orientation\":\"landscape\"},\"medium\":{\"height\":225,\"width\":300,\"url\":\"https:\/\/www.doeer.eu\/wp-content\/uploads\/2025\/04\/IMG_20250325_130820-300x225.jpg\",\"orientation\":\"landscape\"},\"large\":{\"height\":768,\"width\":1024,\"url\":\"https:\/\/www.doeer.eu\/wp-content\/uploads\/2025\/04\/IMG_20250325_130820-1024x768.jpg\",\"orientation\":\"landscape\"},\"full\":{\"url\":\"https:\/\/www.doeer.eu\/wp-content\/uploads\/2025\/04\/IMG_20250325_130820-scaled.jpg\",\"height\":1920,\"width\":2560,\"orientation\":\"landscape\"}},\"imageMeta\":{\"aperture\":\"1.8\",\"credit\":\"\",\"camera\":\"ART-L29\",\"caption\":\"\",\"created_timestamp\":\"1742908101\",\"copyright\":\"\",\"focal_length\":\"5.4\",\"iso\":\"200\",\"shutter_speed\":\"0.03\",\"title\":\"\",\"orientation\":\"0\",\"keywords\":[]},\"meta\":false,\"postlink\":\"https:\/\/www.doeer.eu\/the-he-students-mobility-event-in-slovenia-to-pilot-the-doeer-online-course\/img_20250325_130820\/\"},{\"id\":1384,\"title\":\"2eb74657-332d-4174-80cb-4c708f1b5767\",\"url\":\"https:\/\/www.doeer.eu\/wp-content\/uploads\/2025\/04\/2eb74657-332d-4174-80cb-4c708f1b5767.jpg\",\"link\":\"https:\/\/www.doeer.eu\/the-he-students-mobility-event-in-slovenia-to-pilot-the-doeer-online-course\/2eb74657-332d-4174-80cb-4c708f1b5767\/\",\"alt\":\"\",\"description\":\"\",\"caption\":\"\",\"mime\":\"image\/jpeg\",\"type\":\"image\",\"width\":1600,\"height\":1200,\"sizes\":{\"thumbnail\":{\"height\":150,\"width\":150,\"url\":\"https:\/\/www.doeer.eu\/wp-content\/uploads\/2025\/04\/2eb74657-332d-4174-80cb-4c708f1b5767-150x150.jpg\",\"orientation\":\"landscape\"},\"medium\":{\"height\":225,\"width\":300,\"url\":\"https:\/\/www.doeer.eu\/wp-content\/uploads\/2025\/04\/2eb74657-332d-4174-80cb-4c708f1b5767-300x225.jpg\",\"orientation\":\"landscape\"},\"large\":{\"height\":768,\"width\":1024,\"url\":\"https:\/\/www.doeer.eu\/wp-content\/uploads\/2025\/04\/2eb74657-332d-4174-80cb-4c708f1b5767-1024x768.jpg\",\"orientation\":\"landscape\"},\"full\":{\"url\":\"https:\/\/www.doeer.eu\/wp-content\/uploads\/2025\/04\/2eb74657-332d-4174-80cb-4c708f1b5767.jpg\",\"height\":1200,\"width\":1600,\"orientation\":\"landscape\"}},\"imageMeta\":{\"aperture\":\"0\",\"credit\":\"\",\"camera\":\"\",\"caption\":\"\",\"created_timestamp\":\"0\",\"copyright\":\"\",\"focal_length\":\"0\",\"iso\":\"0\",\"shutter_speed\":\"0\",\"title\":\"\",\"orientation\":\"0\",\"keywords\":[]},\"meta\":false,\"postlink\":\"https:\/\/www.doeer.eu\/the-he-students-mobility-event-in-slovenia-to-pilot-the-doeer-online-course\/2eb74657-332d-4174-80cb-4c708f1b5767\/\"},{\"id\":1380,\"title\":\"IMG_6520\",\"url\":\"https:\/\/www.doeer.eu\/wp-content\/uploads\/2025\/04\/IMG_6520-scaled.jpg\",\"link\":\"https:\/\/www.doeer.eu\/the-he-students-mobility-event-in-slovenia-to-pilot-the-doeer-online-course\/img_6520\/\",\"alt\":\"\",\"description\":\"\",\"caption\":\"\",\"mime\":\"image\/heic\",\"type\":\"image\",\"width\":1920,\"height\":2560,\"sizes\":{\"thumbnail\":{\"height\":150,\"width\":150,\"url\":\"https:\/\/www.doeer.eu\/wp-content\/uploads\/2025\/04\/IMG_6520-150x150.jpg\",\"orientation\":\"landscape\"},\"medium\":{\"height\":300,\"width\":225,\"url\":\"https:\/\/www.doeer.eu\/wp-content\/uploads\/2025\/04\/IMG_6520-225x300.jpg\",\"orientation\":\"portrait\"},\"large\":{\"height\":1024,\"width\":768,\"url\":\"https:\/\/www.doeer.eu\/wp-content\/uploads\/2025\/04\/IMG_6520-768x1024.jpg\",\"orientation\":\"portrait\"},\"full\":{\"url\":\"https:\/\/www.doeer.eu\/wp-content\/uploads\/2025\/04\/IMG_6520-scaled.jpg\",\"height\":2560,\"width\":1920,\"orientation\":\"portrait\"}},\"imageMeta\":{\"aperture\":\"0\",\"credit\":\"\",\"camera\":\"\",\"caption\":\"\",\"created_timestamp\":\"0\",\"copyright\":\"\",\"focal_length\":\"0\",\"iso\":\"0\",\"shutter_speed\":\"0\",\"title\":\"\",\"orientation\":\"0\",\"keywords\":[]},\"meta\":false,\"postlink\":\"https:\/\/www.doeer.eu\/the-he-students-mobility-event-in-slovenia-to-pilot-the-doeer-online-course\/img_6520\/\"},{\"id\":1386,\"title\":\"IMG_6848\",\"url\":\"https:\/\/www.doeer.eu\/wp-content\/uploads\/2025\/04\/IMG_6848-scaled.jpg\",\"link\":\"https:\/\/www.doeer.eu\/the-he-students-mobility-event-in-slovenia-to-pilot-the-doeer-online-course\/img_6848\/\",\"alt\":\"\",\"description\":\"\",\"caption\":\"\",\"mime\":\"image\/heic\",\"type\":\"image\",\"width\":2436,\"height\":2560,\"sizes\":{\"thumbnail\":{\"height\":150,\"width\":150,\"url\":\"https:\/\/www.doeer.eu\/wp-content\/uploads\/2025\/04\/IMG_6848-150x150.jpg\",\"orientation\":\"landscape\"},\"medium\":{\"height\":300,\"width\":285,\"url\":\"https:\/\/www.doeer.eu\/wp-content\/uploads\/2025\/04\/IMG_6848-285x300.jpg\",\"orientation\":\"portrait\"},\"large\":{\"height\":1024,\"width\":974,\"url\":\"https:\/\/www.doeer.eu\/wp-content\/uploads\/2025\/04\/IMG_6848-974x1024.jpg\",\"orientation\":\"portrait\"},\"full\":{\"url\":\"https:\/\/www.doeer.eu\/wp-content\/uploads\/2025\/04\/IMG_6848-scaled.jpg\",\"height\":2560,\"width\":2436,\"orientation\":\"portrait\"}},\"imageMeta\":{\"aperture\":\"0\",\"credit\":\"\",\"camera\":\"\",\"caption\":\"\",\"created_timestamp\":\"0\",\"copyright\":\"\",\"focal_length\":\"0\",\"iso\":\"0\",\"shutter_speed\":\"0\",\"title\":\"\",\"orientation\":\"0\",\"keywords\":[]},\"meta\":false,\"postlink\":\"https:\/\/www.doeer.eu\/the-he-students-mobility-event-in-slovenia-to-pilot-the-doeer-online-course\/img_6848\/\"},{\"id\":1385,\"title\":\"20250325_133414\",\"url\":\"https:\/\/www.doeer.eu\/wp-content\/uploads\/2025\/04\/20250325_133414-scaled.jpg\",\"link\":\"https:\/\/www.doeer.eu\/the-he-students-mobility-event-in-slovenia-to-pilot-the-doeer-online-course\/20250325_133414\/\",\"alt\":\"\",\"description\":\"\",\"caption\":\"\",\"mime\":\"image\/jpeg\",\"type\":\"image\",\"width\":1440,\"height\":2560,\"sizes\":{\"thumbnail\":{\"height\":150,\"width\":150,\"url\":\"https:\/\/www.doeer.eu\/wp-content\/uploads\/2025\/04\/20250325_133414-150x150.jpg\",\"orientation\":\"landscape\"},\"medium\":{\"height\":300,\"width\":169,\"url\":\"https:\/\/www.doeer.eu\/wp-content\/uploads\/2025\/04\/20250325_133414-169x300.jpg\",\"orientation\":\"portrait\"},\"large\":{\"height\":1024,\"width\":576,\"url\":\"https:\/\/www.doeer.eu\/wp-content\/uploads\/2025\/04\/20250325_133414-576x1024.jpg\",\"orientation\":\"portrait\"},\"full\":{\"url\":\"https:\/\/www.doeer.eu\/wp-content\/uploads\/2025\/04\/20250325_133414-scaled.jpg\",\"height\":2560,\"width\":1440,\"orientation\":\"portrait\"}},\"imageMeta\":{\"aperture\":\"1.7\",\"credit\":\"\",\"camera\":\"SM-A505FN\",\"caption\":\"\",\"created_timestamp\":\"1742909654\",\"copyright\":\"\",\"focal_length\":\"3.93\",\"iso\":\"125\",\"shutter_speed\":\"0.02\",\"title\":\"\",\"orientation\":1,\"keywords\":[]},\"meta\":false,\"postlink\":\"https:\/\/www.doeer.eu\/the-he-students-mobility-event-in-slovenia-to-pilot-the-doeer-online-course\/20250325_133414\/\"},{\"id\":1372,\"title\":\"84676d03-502e-41ed-8663-f5a03ff0fcff\",\"url\":\"https:\/\/www.doeer.eu\/wp-content\/uploads\/2025\/04\/84676d03-502e-41ed-8663-f5a03ff0fcff.jpg\",\"link\":\"https:\/\/www.doeer.eu\/the-he-students-mobility-event-in-slovenia-to-pilot-the-doeer-online-course\/84676d03-502e-41ed-8663-f5a03ff0fcff\/\",\"alt\":\"\",\"description\":\"\",\"caption\":\"\",\"mime\":\"image\/jpeg\",\"type\":\"image\",\"width\":2048,\"height\":1536,\"sizes\":{\"thumbnail\":{\"height\":150,\"width\":150,\"url\":\"https:\/\/www.doeer.eu\/wp-content\/uploads\/2025\/04\/84676d03-502e-41ed-8663-f5a03ff0fcff-150x150.jpg\",\"orientation\":\"landscape\"},\"medium\":{\"height\":225,\"width\":300,\"url\":\"https:\/\/www.doeer.eu\/wp-content\/uploads\/2025\/04\/84676d03-502e-41ed-8663-f5a03ff0fcff-300x225.jpg\",\"orientation\":\"landscape\"},\"large\":{\"height\":768,\"width\":1024,\"url\":\"https:\/\/www.doeer.eu\/wp-content\/uploads\/2025\/04\/84676d03-502e-41ed-8663-f5a03ff0fcff-1024x768.jpg\",\"orientation\":\"landscape\"},\"full\":{\"url\":\"https:\/\/www.doeer.eu\/wp-content\/uploads\/2025\/04\/84676d03-502e-41ed-8663-f5a03ff0fcff.jpg\",\"height\":1536,\"width\":2048,\"orientation\":\"landscape\"}},\"imageMeta\":{\"aperture\":\"0\",\"credit\":\"\",\"camera\":\"\",\"caption\":\"\",\"created_timestamp\":\"0\",\"copyright\":\"\",\"focal_length\":\"0\",\"iso\":\"0\",\"shutter_speed\":\"0\",\"title\":\"\",\"orientation\":\"0\",\"keywords\":[]},\"meta\":false,\"postlink\":\"https:\/\/www.doeer.eu\/the-he-students-mobility-event-in-slovenia-to-pilot-the-doeer-online-course\/84676d03-502e-41ed-8663-f5a03ff0fcff\/\"},{\"id\":1383,\"title\":\"IMG_6510\",\"url\":\"https:\/\/www.doeer.eu\/wp-content\/uploads\/2025\/04\/IMG_6510-scaled.jpg\",\"link\":\"https:\/\/www.doeer.eu\/the-he-students-mobility-event-in-slovenia-to-pilot-the-doeer-online-course\/img_6510\/\",\"alt\":\"\",\"description\":\"\",\"caption\":\"\",\"mime\":\"image\/heic\",\"type\":\"image\",\"width\":2560,\"height\":1920,\"sizes\":{\"thumbnail\":{\"height\":150,\"width\":150,\"url\":\"https:\/\/www.doeer.eu\/wp-content\/uploads\/2025\/04\/IMG_6510-150x150.jpg\",\"orientation\":\"landscape\"},\"medium\":{\"height\":225,\"width\":300,\"url\":\"https:\/\/www.doeer.eu\/wp-content\/uploads\/2025\/04\/IMG_6510-300x225.jpg\",\"orientation\":\"landscape\"},\"large\":{\"height\":768,\"width\":1024,\"url\":\"https:\/\/www.doeer.eu\/wp-content\/uploads\/2025\/04\/IMG_6510-1024x768.jpg\",\"orientation\":\"landscape\"},\"full\":{\"url\":\"https:\/\/www.doeer.eu\/wp-content\/uploads\/2025\/04\/IMG_6510-scaled.jpg\",\"height\":1920,\"width\":2560,\"orientation\":\"landscape\"}},\"imageMeta\":{\"aperture\":\"0\",\"credit\":\"\",\"camera\":\"\",\"caption\":\"\",\"created_timestamp\":\"0\",\"copyright\":\"\",\"focal_length\":\"0\",\"iso\":\"0\",\"shutter_speed\":\"0\",\"title\":\"\",\"orientation\":\"0\",\"keywords\":[]},\"meta\":false,\"postlink\":\"https:\/\/www.doeer.eu\/the-he-students-mobility-event-in-slovenia-to-pilot-the-doeer-online-course\/img_6510\/\"},{\"id\":1369,\"title\":\"Progetto senza titolo\",\"url\":\"https:\/\/www.doeer.eu\/wp-content\/uploads\/2025\/04\/Progetto-senza-titolo.png\",\"link\":\"https:\/\/www.doeer.eu\/the-he-students-mobility-event-in-slovenia-to-pilot-the-doeer-online-course\/progetto-senza-titolo\/\",\"alt\":\"\",\"description\":\"\",\"caption\":\"\",\"mime\":\"image\/png\",\"type\":\"image\",\"width\":4032,\"height\":3024,\"sizes\":{\"thumbnail\":{\"height\":150,\"width\":150,\"url\":\"https:\/\/www.doeer.eu\/wp-content\/uploads\/2025\/04\/Progetto-senza-titolo-150x150.png\",\"orientation\":\"landscape\"},\"medium\":{\"height\":225,\"width\":300,\"url\":\"https:\/\/www.doeer.eu\/wp-content\/uploads\/2025\/04\/Progetto-senza-titolo-300x225.png\",\"orientation\":\"landscape\"},\"large\":{\"height\":768,\"width\":1024,\"url\":\"https:\/\/www.doeer.eu\/wp-content\/uploads\/2025\/04\/Progetto-senza-titolo-1024x768.png\",\"orientation\":\"landscape\"},\"full\":{\"url\":\"https:\/\/www.doeer.eu\/wp-content\/uploads\/2025\/04\/Progetto-senza-titolo.png\",\"height\":3024,\"width\":4032,\"orientation\":\"landscape\"}},\"imageMeta\":{\"aperture\":\"0\",\"credit\":\"\",\"camera\":\"\",\"caption\":\"\",\"created_timestamp\":\"0\",\"copyright\":\"\",\"focal_length\":\"0\",\"iso\":\"0\",\"shutter_speed\":\"0\",\"title\":\"\",\"orientation\":\"0\",\"keywords\":[]},\"meta\":false,\"postlink\":\"https:\/\/www.doeer.eu\/the-he-students-mobility-event-in-slovenia-to-pilot-the-doeer-online-course\/progetto-senza-titolo\/\"},{\"id\":1392,\"title\":\"IMG_20250325_133355\",\"url\":\"https:\/\/www.doeer.eu\/wp-content\/uploads\/2025\/04\/IMG_20250325_133355-scaled.jpg\",\"link\":\"https:\/\/www.doeer.eu\/the-he-students-mobility-event-in-slovenia-to-pilot-the-doeer-online-course\/img_20250325_133355\/\",\"alt\":\"\",\"description\":\"\",\"caption\":\"\",\"mime\":\"image\/jpeg\",\"type\":\"image\",\"width\":2560,\"height\":1920,\"sizes\":{\"thumbnail\":{\"height\":150,\"width\":150,\"url\":\"https:\/\/www.doeer.eu\/wp-content\/uploads\/2025\/04\/IMG_20250325_133355-150x150.jpg\",\"orientation\":\"landscape\"},\"medium\":{\"height\":225,\"width\":300,\"url\":\"https:\/\/www.doeer.eu\/wp-content\/uploads\/2025\/04\/IMG_20250325_133355-300x225.jpg\",\"orientation\":\"landscape\"},\"large\":{\"height\":768,\"width\":1024,\"url\":\"https:\/\/www.doeer.eu\/wp-content\/uploads\/2025\/04\/IMG_20250325_133355-1024x768.jpg\",\"orientation\":\"landscape\"},\"full\":{\"url\":\"https:\/\/www.doeer.eu\/wp-content\/uploads\/2025\/04\/IMG_20250325_133355-scaled.jpg\",\"height\":1920,\"width\":2560,\"orientation\":\"landscape\"}},\"imageMeta\":{\"aperture\":\"1.8\",\"credit\":\"\",\"camera\":\"ART-L29\",\"caption\":\"\",\"created_timestamp\":\"1742909636\",\"copyright\":\"\",\"focal_length\":\"5.4\",\"iso\":\"80\",\"shutter_speed\":\"0.02\",\"title\":\"\",\"orientation\":\"0\",\"keywords\":[]},\"meta\":false,\"postlink\":\"https:\/\/www.doeer.eu\/the-he-students-mobility-event-in-slovenia-to-pilot-the-doeer-online-course\/img_20250325_133355\/\"},{\"id\":1396,\"title\":\"IMG_6964\",\"url\":\"https:\/\/www.doeer.eu\/wp-content\/uploads\/2025\/04\/IMG_6964-scaled.jpg\",\"link\":\"https:\/\/www.doeer.eu\/the-he-students-mobility-event-in-slovenia-to-pilot-the-doeer-online-course\/img_6964\/\",\"alt\":\"\",\"description\":\"\",\"caption\":\"\",\"mime\":\"image\/heic\",\"type\":\"image\",\"width\":1920,\"height\":2560,\"sizes\":{\"thumbnail\":{\"height\":150,\"width\":150,\"url\":\"https:\/\/www.doeer.eu\/wp-content\/uploads\/2025\/04\/IMG_6964-150x150.jpg\",\"orientation\":\"landscape\"},\"medium\":{\"height\":300,\"width\":225,\"url\":\"https:\/\/www.doeer.eu\/wp-content\/uploads\/2025\/04\/IMG_6964-225x300.jpg\",\"orientation\":\"portrait\"},\"large\":{\"height\":1024,\"width\":768,\"url\":\"https:\/\/www.doeer.eu\/wp-content\/uploads\/2025\/04\/IMG_6964-768x1024.jpg\",\"orientation\":\"portrait\"},\"full\":{\"url\":\"https:\/\/www.doeer.eu\/wp-content\/uploads\/2025\/04\/IMG_6964-scaled.jpg\",\"height\":2560,\"width\":1920,\"orientation\":\"portrait\"}},\"imageMeta\":{\"aperture\":\"0\",\"credit\":\"\",\"camera\":\"\",\"caption\":\"\",\"created_timestamp\":\"0\",\"copyright\":\"\",\"focal_length\":\"0\",\"iso\":\"0\",\"shutter_speed\":\"0\",\"title\":\"\",\"orientation\":\"0\",\"keywords\":[]},\"meta\":false,\"postlink\":\"https:\/\/www.doeer.eu\/the-he-students-mobility-event-in-slovenia-to-pilot-the-doeer-online-course\/img_6964\/\"},{\"id\":1374,\"title\":\"IMG_20250325_113709\",\"url\":\"https:\/\/www.doeer.eu\/wp-content\/uploads\/2025\/04\/IMG_20250325_113709-scaled.jpg\",\"link\":\"https:\/\/www.doeer.eu\/the-he-students-mobility-event-in-slovenia-to-pilot-the-doeer-online-course\/img_20250325_113709\/\",\"alt\":\"\",\"description\":\"\",\"caption\":\"\",\"mime\":\"image\/jpeg\",\"type\":\"image\",\"width\":2560,\"height\":1920,\"sizes\":{\"thumbnail\":{\"height\":150,\"width\":150,\"url\":\"https:\/\/www.doeer.eu\/wp-content\/uploads\/2025\/04\/IMG_20250325_113709-150x150.jpg\",\"orientation\":\"landscape\"},\"medium\":{\"height\":225,\"width\":300,\"url\":\"https:\/\/www.doeer.eu\/wp-content\/uploads\/2025\/04\/IMG_20250325_113709-300x225.jpg\",\"orientation\":\"landscape\"},\"large\":{\"height\":768,\"width\":1024,\"url\":\"https:\/\/www.doeer.eu\/wp-content\/uploads\/2025\/04\/IMG_20250325_113709-1024x768.jpg\",\"orientation\":\"landscape\"},\"full\":{\"url\":\"https:\/\/www.doeer.eu\/wp-content\/uploads\/2025\/04\/IMG_20250325_113709-scaled.jpg\",\"height\":1920,\"width\":2560,\"orientation\":\"landscape\"}},\"imageMeta\":{\"aperture\":\"1.8\",\"credit\":\"\",\"camera\":\"ART-L29\",\"caption\":\"\",\"created_timestamp\":\"1742902631\",\"copyright\":\"\",\"focal_length\":\"5.4\",\"iso\":\"100\",\"shutter_speed\":\"0.03\",\"title\":\"\",\"orientation\":\"0\",\"keywords\":[]},\"meta\":false,\"postlink\":\"https:\/\/www.doeer.eu\/the-he-students-mobility-event-in-slovenia-to-pilot-the-doeer-online-course\/img_20250325_113709\/\"},{\"id\":1387,\"title\":\"IMG_6882\",\"url\":\"https:\/\/www.doeer.eu\/wp-content\/uploads\/2025\/04\/IMG_6882-scaled.jpg\",\"link\":\"https:\/\/www.doeer.eu\/the-he-students-mobility-event-in-slovenia-to-pilot-the-doeer-online-course\/img_6882\/\",\"alt\":\"\",\"description\":\"\",\"caption\":\"\",\"mime\":\"image\/heic\",\"type\":\"image\",\"width\":1920,\"height\":2560,\"sizes\":{\"thumbnail\":{\"height\":150,\"width\":150,\"url\":\"https:\/\/www.doeer.eu\/wp-content\/uploads\/2025\/04\/IMG_6882-150x150.jpg\",\"orientation\":\"landscape\"},\"medium\":{\"height\":300,\"width\":225,\"url\":\"https:\/\/www.doeer.eu\/wp-content\/uploads\/2025\/04\/IMG_6882-225x300.jpg\",\"orientation\":\"portrait\"},\"large\":{\"height\":1024,\"width\":768,\"url\":\"https:\/\/www.doeer.eu\/wp-content\/uploads\/2025\/04\/IMG_6882-768x1024.jpg\",\"orientation\":\"portrait\"},\"full\":{\"url\":\"https:\/\/www.doeer.eu\/wp-content\/uploads\/2025\/04\/IMG_6882-scaled.jpg\",\"height\":2560,\"width\":1920,\"orientation\":\"portrait\"}},\"imageMeta\":{\"aperture\":\"0\",\"credit\":\"\",\"camera\":\"\",\"caption\":\"\",\"created_timestamp\":\"0\",\"copyright\":\"\",\"focal_length\":\"0\",\"iso\":\"0\",\"shutter_speed\":\"0\",\"title\":\"\",\"orientation\":\"0\",\"keywords\":[]},\"meta\":false,\"postlink\":\"https:\/\/www.doeer.eu\/the-he-students-mobility-event-in-slovenia-to-pilot-the-doeer-online-course\/img_6882\/\"},{\"id\":1381,\"title\":\"IMG_6514\",\"url\":\"https:\/\/www.doeer.eu\/wp-content\/uploads\/2025\/04\/IMG_6514-scaled.jpg\",\"link\":\"https:\/\/www.doeer.eu\/the-he-students-mobility-event-in-slovenia-to-pilot-the-doeer-online-course\/img_6514\/\",\"alt\":\"\",\"description\":\"\",\"caption\":\"\",\"mime\":\"image\/jpeg\",\"type\":\"image\",\"width\":1920,\"height\":2560,\"sizes\":{\"thumbnail\":{\"height\":150,\"width\":150,\"url\":\"https:\/\/www.doeer.eu\/wp-content\/uploads\/2025\/04\/IMG_6514-150x150.jpg\",\"orientation\":\"landscape\"},\"medium\":{\"height\":300,\"width\":225,\"url\":\"https:\/\/www.doeer.eu\/wp-content\/uploads\/2025\/04\/IMG_6514-225x300.jpg\",\"orientation\":\"portrait\"},\"large\":{\"height\":1024,\"width\":768,\"url\":\"https:\/\/www.doeer.eu\/wp-content\/uploads\/2025\/04\/IMG_6514-768x1024.jpg\",\"orientation\":\"portrait\"},\"full\":{\"url\":\"https:\/\/www.doeer.eu\/wp-content\/uploads\/2025\/04\/IMG_6514-scaled.jpg\",\"height\":2560,\"width\":1920,\"orientation\":\"portrait\"}},\"imageMeta\":{\"aperture\":\"1.8\",\"credit\":\"\",\"camera\":\"iPhone 8\",\"caption\":\"\",\"created_timestamp\":\"1742830870\",\"copyright\":\"\",\"focal_length\":\"3.99\",\"iso\":\"25\",\"shutter_speed\":\"0.016393442622951\",\"title\":\"\",\"orientation\":1,\"keywords\":[]},\"meta\":false,\"postlink\":\"https:\/\/www.doeer.eu\/the-he-students-mobility-event-in-slovenia-to-pilot-the-doeer-online-course\/img_6514\/\"},{\"id\":1359,\"title\":\"Progetto senza titolo (2)\",\"url\":\"https:\/\/www.doeer.eu\/wp-content\/uploads\/2025\/04\/Progetto-senza-titolo-2.png\",\"link\":\"https:\/\/www.doeer.eu\/the-feedback-of-the-participants-to-the-pilot-activity\/progetto-senza-titolo-2\/\",\"alt\":\"Students during pilot\",\"description\":\"\",\"caption\":\"\",\"mime\":\"image\/png\",\"type\":\"image\",\"width\":3754,\"height\":1832,\"sizes\":{\"thumbnail\":{\"height\":150,\"width\":150,\"url\":\"https:\/\/www.doeer.eu\/wp-content\/uploads\/2025\/04\/Progetto-senza-titolo-2-150x150.png\",\"orientation\":\"landscape\"},\"medium\":{\"height\":146,\"width\":300,\"url\":\"https:\/\/www.doeer.eu\/wp-content\/uploads\/2025\/04\/Progetto-senza-titolo-2-300x146.png\",\"orientation\":\"landscape\"},\"large\":{\"height\":500,\"width\":1024,\"url\":\"https:\/\/www.doeer.eu\/wp-content\/uploads\/2025\/04\/Progetto-senza-titolo-2-1024x500.png\",\"orientation\":\"landscape\"},\"full\":{\"url\":\"https:\/\/www.doeer.eu\/wp-content\/uploads\/2025\/04\/Progetto-senza-titolo-2.png\",\"height\":1832,\"width\":3754,\"orientation\":\"landscape\"}},\"imageMeta\":{\"aperture\":\"0\",\"credit\":\"\",\"camera\":\"\",\"caption\":\"\",\"created_timestamp\":\"0\",\"copyright\":\"\",\"focal_length\":\"0\",\"iso\":\"0\",\"shutter_speed\":\"0\",\"title\":\"\",\"orientation\":\"0\",\"keywords\":[]},\"meta\":false,\"postlink\":\"https:\/\/www.doeer.eu\/the-feedback-of-the-participants-to-the-pilot-activity\/progetto-senza-titolo-2\/\"},{\"id\":1355,\"title\":\"Immagine 2025-01-28 113741_2\",\"url\":\"https:\/\/www.doeer.eu\/wp-content\/uploads\/2025\/04\/Immagine-2025-01-28-113741_2.png\",\"link\":\"https:\/\/www.doeer.eu\/the-feedback-of-the-participants-to-the-pilot-activity\/immagine-2025-01-28-113741_2\/\",\"alt\":\"Students\",\"description\":\"\",\"caption\":\"\",\"mime\":\"image\/png\",\"type\":\"image\",\"width\":3672,\"height\":1104,\"sizes\":{\"thumbnail\":{\"height\":150,\"width\":150,\"url\":\"https:\/\/www.doeer.eu\/wp-content\/uploads\/2025\/04\/Immagine-2025-01-28-113741_2-150x150.png\",\"orientation\":\"landscape\"},\"medium\":{\"height\":90,\"width\":300,\"url\":\"https:\/\/www.doeer.eu\/wp-content\/uploads\/2025\/04\/Immagine-2025-01-28-113741_2-300x90.png\",\"orientation\":\"landscape\"},\"large\":{\"height\":308,\"width\":1024,\"url\":\"https:\/\/www.doeer.eu\/wp-content\/uploads\/2025\/04\/Immagine-2025-01-28-113741_2-1024x308.png\",\"orientation\":\"landscape\"},\"full\":{\"url\":\"https:\/\/www.doeer.eu\/wp-content\/uploads\/2025\/04\/Immagine-2025-01-28-113741_2.png\",\"height\":1104,\"width\":3672,\"orientation\":\"landscape\"}},\"imageMeta\":{\"aperture\":\"0\",\"credit\":\"\",\"camera\":\"\",\"caption\":\"\",\"created_timestamp\":\"0\",\"copyright\":\"\",\"focal_length\":\"0\",\"iso\":\"0\",\"shutter_speed\":\"0\",\"title\":\"\",\"orientation\":\"0\",\"keywords\":[]},\"meta\":false,\"postlink\":\"https:\/\/www.doeer.eu\/the-feedback-of-the-participants-to-the-pilot-activity\/immagine-2025-01-28-113741_2\/\"},{\"id\":1370,\"title\":\"IMG_6525\",\"url\":\"https:\/\/www.doeer.eu\/wp-content\/uploads\/2025\/04\/IMG_6525-scaled.jpg\",\"link\":\"https:\/\/www.doeer.eu\/the-he-students-mobility-event-in-slovenia-to-pilot-the-doeer-online-course\/img_6525\/\",\"alt\":\"\",\"description\":\"\",\"caption\":\"\",\"mime\":\"image\/heic\",\"type\":\"image\",\"width\":2560,\"height\":1920,\"sizes\":{\"thumbnail\":{\"height\":150,\"width\":150,\"url\":\"https:\/\/www.doeer.eu\/wp-content\/uploads\/2025\/04\/IMG_6525-150x150.jpg\",\"orientation\":\"landscape\"},\"medium\":{\"height\":225,\"width\":300,\"url\":\"https:\/\/www.doeer.eu\/wp-content\/uploads\/2025\/04\/IMG_6525-300x225.jpg\",\"orientation\":\"landscape\"},\"large\":{\"height\":768,\"width\":1024,\"url\":\"https:\/\/www.doeer.eu\/wp-content\/uploads\/2025\/04\/IMG_6525-1024x768.jpg\",\"orientation\":\"landscape\"},\"full\":{\"url\":\"https:\/\/www.doeer.eu\/wp-content\/uploads\/2025\/04\/IMG_6525-scaled.jpg\",\"height\":1920,\"width\":2560,\"orientation\":\"landscape\"}},\"imageMeta\":{\"aperture\":\"0\",\"credit\":\"\",\"camera\":\"\",\"caption\":\"\",\"created_timestamp\":\"0\",\"copyright\":\"\",\"focal_length\":\"0\",\"iso\":\"0\",\"shutter_speed\":\"0\",\"title\":\"\",\"orientation\":\"0\",\"keywords\":[]},\"meta\":false,\"postlink\":\"https:\/\/www.doeer.eu\/the-he-students-mobility-event-in-slovenia-to-pilot-the-doeer-online-course\/img_6525\/\"},{\"id\":1393,\"title\":\"6d9012f1-030f-433a-ab1f-6f88bbd7dc77\",\"url\":\"https:\/\/www.doeer.eu\/wp-content\/uploads\/2025\/04\/6d9012f1-030f-433a-ab1f-6f88bbd7dc77.jpg\",\"link\":\"https:\/\/www.doeer.eu\/the-he-students-mobility-event-in-slovenia-to-pilot-the-doeer-online-course\/6d9012f1-030f-433a-ab1f-6f88bbd7dc77\/\",\"alt\":\"\",\"description\":\"\",\"caption\":\"\",\"mime\":\"image\/jpeg\",\"type\":\"image\",\"width\":1600,\"height\":1200,\"sizes\":{\"thumbnail\":{\"height\":150,\"width\":150,\"url\":\"https:\/\/www.doeer.eu\/wp-content\/uploads\/2025\/04\/6d9012f1-030f-433a-ab1f-6f88bbd7dc77-150x150.jpg\",\"orientation\":\"landscape\"},\"medium\":{\"height\":225,\"width\":300,\"url\":\"https:\/\/www.doeer.eu\/wp-content\/uploads\/2025\/04\/6d9012f1-030f-433a-ab1f-6f88bbd7dc77-300x225.jpg\",\"orientation\":\"landscape\"},\"large\":{\"height\":768,\"width\":1024,\"url\":\"https:\/\/www.doeer.eu\/wp-content\/uploads\/2025\/04\/6d9012f1-030f-433a-ab1f-6f88bbd7dc77-1024x768.jpg\",\"orientation\":\"landscape\"},\"full\":{\"url\":\"https:\/\/www.doeer.eu\/wp-content\/uploads\/2025\/04\/6d9012f1-030f-433a-ab1f-6f88bbd7dc77.jpg\",\"height\":1200,\"width\":1600,\"orientation\":\"landscape\"}},\"imageMeta\":{\"aperture\":\"0\",\"credit\":\"\",\"camera\":\"\",\"caption\":\"\",\"created_timestamp\":\"0\",\"copyright\":\"\",\"focal_length\":\"0\",\"iso\":\"0\",\"shutter_speed\":\"0\",\"title\":\"\",\"orientation\":\"0\",\"keywords\":[]},\"meta\":false,\"postlink\":\"https:\/\/www.doeer.eu\/the-he-students-mobility-event-in-slovenia-to-pilot-the-doeer-online-course\/6d9012f1-030f-433a-ab1f-6f88bbd7dc77\/\"},{\"id\":1395,\"title\":\"IMG_6909\",\"url\":\"https:\/\/www.doeer.eu\/wp-content\/uploads\/2025\/04\/IMG_6909-scaled.jpg\",\"link\":\"https:\/\/www.doeer.eu\/the-he-students-mobility-event-in-slovenia-to-pilot-the-doeer-online-course\/img_6909\/\",\"alt\":\"\",\"description\":\"\",\"caption\":\"\",\"mime\":\"image\/jpeg\",\"type\":\"image\",\"width\":2309,\"height\":2560,\"sizes\":{\"thumbnail\":{\"height\":150,\"width\":150,\"url\":\"https:\/\/www.doeer.eu\/wp-content\/uploads\/2025\/04\/IMG_6909-150x150.jpg\",\"orientation\":\"landscape\"},\"medium\":{\"height\":300,\"width\":271,\"url\":\"https:\/\/www.doeer.eu\/wp-content\/uploads\/2025\/04\/IMG_6909-271x300.jpg\",\"orientation\":\"portrait\"},\"large\":{\"height\":1024,\"width\":924,\"url\":\"https:\/\/www.doeer.eu\/wp-content\/uploads\/2025\/04\/IMG_6909-924x1024.jpg\",\"orientation\":\"portrait\"},\"full\":{\"url\":\"https:\/\/www.doeer.eu\/wp-content\/uploads\/2025\/04\/IMG_6909-scaled.jpg\",\"height\":2560,\"width\":2309,\"orientation\":\"portrait\"}},\"imageMeta\":{\"aperture\":\"1.78\",\"credit\":\"Edited with Google AI\",\"camera\":\"iPhone 14 Pro\",\"caption\":\"\",\"created_timestamp\":\"1742909363\",\"copyright\":\"\",\"focal_length\":\"6.86\",\"iso\":\"125\",\"shutter_speed\":\"0.016666666666667\",\"title\":\"\",\"orientation\":\"0\",\"keywords\":[]},\"meta\":false,\"postlink\":\"https:\/\/www.doeer.eu\/the-he-students-mobility-event-in-slovenia-to-pilot-the-doeer-online-course\/img_6909\/\"},{\"id\":1394,\"title\":\"IMG_6897\",\"url\":\"https:\/\/www.doeer.eu\/wp-content\/uploads\/2025\/04\/IMG_6897-scaled.jpg\",\"link\":\"https:\/\/www.doeer.eu\/the-he-students-mobility-event-in-slovenia-to-pilot-the-doeer-online-course\/img_6897\/\",\"alt\":\"\",\"description\":\"\",\"caption\":\"\",\"mime\":\"image\/heic\",\"type\":\"image\",\"width\":1920,\"height\":2560,\"sizes\":{\"thumbnail\":{\"height\":150,\"width\":150,\"url\":\"https:\/\/www.doeer.eu\/wp-content\/uploads\/2025\/04\/IMG_6897-150x150.jpg\",\"orientation\":\"landscape\"},\"medium\":{\"height\":300,\"width\":225,\"url\":\"https:\/\/www.doeer.eu\/wp-content\/uploads\/2025\/04\/IMG_6897-225x300.jpg\",\"orientation\":\"portrait\"},\"large\":{\"height\":1024,\"width\":768,\"url\":\"https:\/\/www.doeer.eu\/wp-content\/uploads\/2025\/04\/IMG_6897-768x1024.jpg\",\"orientation\":\"portrait\"},\"full\":{\"url\":\"https:\/\/www.doeer.eu\/wp-content\/uploads\/2025\/04\/IMG_6897-scaled.jpg\",\"height\":2560,\"width\":1920,\"orientation\":\"portrait\"}},\"imageMeta\":{\"aperture\":\"0\",\"credit\":\"\",\"camera\":\"\",\"caption\":\"\",\"created_timestamp\":\"0\",\"copyright\":\"\",\"focal_length\":\"0\",\"iso\":\"0\",\"shutter_speed\":\"0\",\"title\":\"\",\"orientation\":\"0\",\"keywords\":[]},\"meta\":false,\"postlink\":\"https:\/\/www.doeer.eu\/the-he-students-mobility-event-in-slovenia-to-pilot-the-doeer-online-course\/img_6897\/\"},{\"id\":1390,\"title\":\"IMG_20250325_113726\",\"url\":\"https:\/\/www.doeer.eu\/wp-content\/uploads\/2025\/04\/IMG_20250325_113726-scaled.jpg\",\"link\":\"https:\/\/www.doeer.eu\/the-he-students-mobility-event-in-slovenia-to-pilot-the-doeer-online-course\/img_20250325_113726\/\",\"alt\":\"\",\"description\":\"\",\"caption\":\"\",\"mime\":\"image\/jpeg\",\"type\":\"image\",\"width\":1920,\"height\":2560,\"sizes\":{\"thumbnail\":{\"height\":150,\"width\":150,\"url\":\"https:\/\/www.doeer.eu\/wp-content\/uploads\/2025\/04\/IMG_20250325_113726-150x150.jpg\",\"orientation\":\"landscape\"},\"medium\":{\"height\":300,\"width\":225,\"url\":\"https:\/\/www.doeer.eu\/wp-content\/uploads\/2025\/04\/IMG_20250325_113726-225x300.jpg\",\"orientation\":\"portrait\"},\"large\":{\"height\":1024,\"width\":768,\"url\":\"https:\/\/www.doeer.eu\/wp-content\/uploads\/2025\/04\/IMG_20250325_113726-768x1024.jpg\",\"orientation\":\"portrait\"},\"full\":{\"url\":\"https:\/\/www.doeer.eu\/wp-content\/uploads\/2025\/04\/IMG_20250325_113726-scaled.jpg\",\"height\":2560,\"width\":1920,\"orientation\":\"portrait\"}},\"imageMeta\":{\"aperture\":\"1.8\",\"credit\":\"\",\"camera\":\"ART-L29\",\"caption\":\"\",\"created_timestamp\":\"1742902648\",\"copyright\":\"\",\"focal_length\":\"5.4\",\"iso\":\"200\",\"shutter_speed\":\"0.03\",\"title\":\"\",\"orientation\":\"0\",\"keywords\":[]},\"meta\":false,\"postlink\":\"https:\/\/www.doeer.eu\/the-he-students-mobility-event-in-slovenia-to-pilot-the-doeer-online-course\/img_20250325_113726\/\"}],\"itemsMetaDataCollection\":[]}<\/script><script>(function(){if(window.PGC_SGB && window.PGC_SGB.searcher){window.PGC_SGB.searcher.initBlocks()}})()<\/script><\/div>\r\n\r\n\r\n<p>&nbsp;<\/p>\r\n","protected":false},"excerpt":{"rendered":"<p>Mobilnost je \u0161tudente pripeljala v Slovenijo, kjer so skupaj raziskovali DOEER u\u010dne module in izku\u0161ali inkluzivni turizem v praksi<\/p>\n","protected":false},"author":3,"featured_media":1371,"comment_status":"closed","ping_status":"open","sticky":false,"template":"","format":"standard","meta":{"pgc_sgb_lightbox_settings":"","footnotes":""},"categories":[24],"tags":[],"class_list":["post-1364","post","type-post","status-publish","format-standard","has-post-thumbnail","hentry","category-news"],"_links":{"self":[{"href":"https:\/\/www.doeer.eu\/sl\/wp-json\/wp\/v2\/posts\/1364","targetHints":{"allow":["GET"]}}],"collection":[{"href":"https:\/\/www.doeer.eu\/sl\/wp-json\/wp\/v2\/posts"}],"about":[{"href":"https:\/\/www.doeer.eu\/sl\/wp-json\/wp\/v2\/types\/post"}],"author":[{"embeddable":true,"href":"https:\/\/www.doeer.eu\/sl\/wp-json\/wp\/v2\/users\/3"}],"replies":[{"embeddable":true,"href":"https:\/\/www.doeer.eu\/sl\/wp-json\/wp\/v2\/comments?post=1364"}],"version-history":[{"count":11,"href":"https:\/\/www.doeer.eu\/sl\/wp-json\/wp\/v2\/posts\/1364\/revisions"}],"predecessor-version":[{"id":1409,"href":"https:\/\/www.doeer.eu\/sl\/wp-json\/wp\/v2\/posts\/1364\/revisions\/1409"}],"wp:featuredmedia":[{"embeddable":true,"href":"https:\/\/www.doeer.eu\/sl\/wp-json\/wp\/v2\/media\/1371"}],"wp:attachment":[{"href":"https:\/\/www.doeer.eu\/sl\/wp-json\/wp\/v2\/media?parent=1364"}],"wp:term":[{"taxonomy":"category","embeddable":true,"href":"https:\/\/www.doeer.eu\/sl\/wp-json\/wp\/v2\/categories?post=1364"},{"taxonomy":"post_tag","embeddable":true,"href":"https:\/\/www.doeer.eu\/sl\/wp-json\/wp\/v2\/tags?post=1364"}],"curies":[{"name":"wp","href":"https:\/\/api.w.org\/{rel}","templated":true}]}}