{"id":909,"date":"2023-06-08T15:40:30","date_gmt":"2023-06-08T13:40:30","guid":{"rendered":"https:\/\/www.doeer.eu\/en\/?p=909"},"modified":"2023-07-01T12:27:42","modified_gmt":"2023-07-01T10:27:42","slug":"the-doeer-definitions-of-equalities","status":"publish","type":"post","link":"https:\/\/www.doeer.eu\/sk\/the-doeer-definitions-of-equalities\/","title":{"rendered":"Vymedzenie pojmov rovnosti pod\u013ea DOEER"},"content":{"rendered":"\r\n<p>V r\u00e1mci projektu DOEER boli vybran\u00e9 a op\u00edsan\u00e9 \u0161pecifick\u00e9 oblasti rovnosti, v ktor\u00fdch projekt poskytuje \u0161pecifick\u00e9 vzdel\u00e1vanie na z\u00edskanie kompetenci\u00ed v oblasti postupov zalo\u017een\u00fdch na rovnosti vo vzdel\u00e1vacom a podnikate\u013eskom sektore.<\/p>\r\n\r\n\r\n<div class=\"wp-block-image\">\r\n<figure class=\"alignright size-full is-resized\"><img loading=\"lazy\" decoding=\"async\" class=\"wp-image-924\" src=\"\/wp-content\/uploads\/2023\/06\/card-B4_SK-1.png\" alt=\"\" width=\"326\" height=\"328\" \/><\/figure><\/div>\r\n\r\n\r\n<h2 class=\"wp-block-heading\"><strong><a href=\"\/sk\/intercultural-equality\/\">Medzikult\u00farna rovnos\u0165<\/a><\/strong><\/h2>\r\n\r\n\r\n\r\n<p>Medzikult\u00farna rovnos\u0165 sa vz\u0165ahuje na z\u00e1sadu rovnak\u00e9ho zaobch\u00e1dzania a re\u0161pektovania v\u0161etk\u00fdch kult\u00far a na uznanie rozmanitosti kult\u00farnych prejavov a postupov.<\/p>\r\n\r\n\r\n\r\n<h2 class=\"wp-block-heading\"><strong><a href=\"\/sk\/equality-in-opportunities-in-labour-market\/\">Rovnos\u0165 pr\u00edle\u017eitost\u00ed na trhu pr\u00e1ce<\/a><\/strong><\/h2>\r\n\r\n\r\n\r\n<p>Rovnos\u0165 pr\u00edle\u017eitost\u00ed na trhu pr\u00e1ce si vy\u017eaduje, aby neexistovali \u017eiadne syst\u00e9mov\u00e9 prek\u00e1\u017eky, ktor\u00e9 by jednotlivcom br\u00e1nili v pr\u00edstupe k zamestnaniu alebo v kari\u00e9rnom postupe.<\/p>\r\n\r\n\r\n\r\n<h2 class=\"wp-block-heading\"><strong><a href=\"\/en\/economic-equality\/\">Ekonomick\u00e1 rovnos\u0165<\/a><\/strong><\/h2>\r\n\r\n\r\n\r\n<p>Ekonomick\u00e1 rovnos\u0165 sa vz\u0165ahuje na z\u00e1sadu rovnak\u00e9ho pr\u00edstupu k ekonomick\u00fdm zdrojom, pr\u00edle\u017eitostiam a odmen\u00e1m pre v\u0161etk\u00fdch jednotlivcov v spolo\u010dnosti.<\/p>\r\n\r\n\r\n\r\n<h2 class=\"wp-block-heading\"><strong><a href=\"\/sk\/equality-for-persons-with-disabilities\/\">Rovnos\u0165 os\u00f4b so zdravotn\u00fdm postihnut\u00edm<\/a><\/strong><\/h2>\r\n\r\n\r\n\r\n<p>Rovnos\u0165 os\u00f4b so zdravotn\u00fdm postihnut\u00edm znamen\u00e1, \u017ee osoby so zdravotn\u00fdm postihnut\u00edm by mali ma\u0165 rovnak\u00e9 pr\u00edle\u017eitosti, pr\u00e1va a pr\u00edstup k zdrojom ako osoby bez zdravotn\u00e9ho postihnutia.<\/p>\r\n\r\n\r\n\r\n<h2 class=\"wp-block-heading\"><strong><a href=\"\/sk\/social-equality\/\">Soci\u00e1lna rovnos\u0165<\/a><\/strong><\/h2>\r\n\r\n\r\n\r\n<p>Soci\u00e1lna rovnos\u0165 sa vz\u0165ahuje na z\u00e1sadu rovnak\u00e9ho zaobch\u00e1dzania a pr\u00edle\u017eitost\u00ed pre v\u0161etk\u00fdch jednotlivcov v spolo\u010dnosti bez oh\u013eadu na ich p\u00f4vod, soci\u00e1lne postavenie alebo in\u00e9 osobn\u00e9 charakteristiky.<\/p>\r\n\r\n\r\n\r\n<h2 class=\"wp-block-heading\"><strong><a href=\"\/sk\/gender-equality\/\">Rodov\u00e1 rovnos\u0165<\/a><\/strong><\/h2>\r\n\r\n\r\n\r\n<p>Rodov\u00e1 rovnos\u0165 sa vz\u0165ahuje na rovnak\u00e9 pr\u00e1va, pr\u00edle\u017eitosti a zaobch\u00e1dzanie s jednotlivcami bez oh\u013eadu na ich pohlavie.<\/p>\r\n","protected":false},"excerpt":{"rendered":"<p>V r\u00e1mci projektu DOEER boli vybran\u00e9 a op\u00edsan\u00e9 konkr\u00e9tne oblasti rovnosti<\/p>\n","protected":false},"author":3,"featured_media":969,"comment_status":"closed","ping_status":"open","sticky":false,"template":"","format":"standard","meta":{"pgc_sgb_lightbox_settings":"","footnotes":""},"categories":[24],"tags":[],"class_list":["post-909","post","type-post","status-publish","format-standard","has-post-thumbnail","hentry","category-news"],"_links":{"self":[{"href":"https:\/\/www.doeer.eu\/sk\/wp-json\/wp\/v2\/posts\/909","targetHints":{"allow":["GET"]}}],"collection":[{"href":"https:\/\/www.doeer.eu\/sk\/wp-json\/wp\/v2\/posts"}],"about":[{"href":"https:\/\/www.doeer.eu\/sk\/wp-json\/wp\/v2\/types\/post"}],"author":[{"embeddable":true,"href":"https:\/\/www.doeer.eu\/sk\/wp-json\/wp\/v2\/users\/3"}],"replies":[{"embeddable":true,"href":"https:\/\/www.doeer.eu\/sk\/wp-json\/wp\/v2\/comments?post=909"}],"version-history":[{"count":15,"href":"https:\/\/www.doeer.eu\/sk\/wp-json\/wp\/v2\/posts\/909\/revisions"}],"predecessor-version":[{"id":978,"href":"https:\/\/www.doeer.eu\/sk\/wp-json\/wp\/v2\/posts\/909\/revisions\/978"}],"wp:featuredmedia":[{"embeddable":true,"href":"https:\/\/www.doeer.eu\/sk\/wp-json\/wp\/v2\/media\/969"}],"wp:attachment":[{"href":"https:\/\/www.doeer.eu\/sk\/wp-json\/wp\/v2\/media?parent=909"}],"wp:term":[{"taxonomy":"category","embeddable":true,"href":"https:\/\/www.doeer.eu\/sk\/wp-json\/wp\/v2\/categories?post=909"},{"taxonomy":"post_tag","embeddable":true,"href":"https:\/\/www.doeer.eu\/sk\/wp-json\/wp\/v2\/tags?post=909"}],"curies":[{"name":"wp","href":"https:\/\/api.w.org\/{rel}","templated":true}]}}