{"id":894,"date":"2023-06-19T15:09:36","date_gmt":"2023-06-19T13:09:36","guid":{"rendered":"https:\/\/www.doeer.eu\/en\/?p=894"},"modified":"2023-06-26T15:10:18","modified_gmt":"2023-06-26T13:10:18","slug":"the-doeer-second-project-meeting-in-cyprus","status":"publish","type":"post","link":"https:\/\/www.doeer.eu\/sk\/the-doeer-second-project-meeting-in-cyprus\/","title":{"rendered":"Druh\u00e9 projektov\u00e9 stretnutie DOEER na Cypre"},"content":{"rendered":"\r\n<p>V d\u0148och 8. a 9. j\u00fana 2023 sa projektov\u00fd t\u00edm op\u00e4\u0165 stretol osobne v Nik\u00f3zii (Cyprus) v s\u00eddle partnersk\u00e9ho Centra pre rozvoj kompetenci\u00ed Cyprus COMCY.<br \/>Toto stretnutie umo\u017enilo partnerom hlb\u0161ie prenikn\u00fa\u0165 do v\u00edzie projektu, prediskutova\u0165 v\u00fdsledky a \u010fal\u0161ie kroky a dohodn\u00fa\u0165 strat\u00e9giu \u00faspe\u0161nej realiz\u00e1cie projektu. Bolo in\u0161piruj\u00face vidie\u0165 nad\u0161enie a odhodlania v\u0161etk\u00fdch partnerov projektu, ako zdie\u013ea\u0165 cenn\u00e9 poznatky a in\u0161pirat\u00edvne n\u00e1pady.<\/p>\r\n\r\n\r\n\r\n<figure class=\"wp-block-gallery has-nested-images columns-default is-cropped wp-block-gallery-1 is-layout-flex wp-block-gallery-is-layout-flex\">\r\n<figure class=\"wp-block-image size-large\"><img loading=\"lazy\" decoding=\"async\" width=\"1024\" height=\"901\" data-id=\"895\" class=\"wp-image-895\" src=\"https:\/\/www.doeer.eu\/wp-content\/uploads\/2023\/06\/TPM2_group-e1687784875432-1024x901.jpg\" alt=\"\" srcset=\"https:\/\/www.doeer.eu\/wp-content\/uploads\/2023\/06\/TPM2_group-e1687784875432-1024x901.jpg 1024w, https:\/\/www.doeer.eu\/wp-content\/uploads\/2023\/06\/TPM2_group-e1687784875432-300x264.jpg 300w, https:\/\/www.doeer.eu\/wp-content\/uploads\/2023\/06\/TPM2_group-e1687784875432-768x676.jpg 768w, https:\/\/www.doeer.eu\/wp-content\/uploads\/2023\/06\/TPM2_group-e1687784875432.jpg 1200w\" sizes=\"auto, (max-width: 1024px) 100vw, 1024px\" \/><\/figure>\r\n<\/figure>\r\n","protected":false},"excerpt":{"rendered":"<p>Projektov\u00fd t\u00edm sa op\u00e4\u0165 stretol osobne v Nik\u00f3zii (Cyprus)<\/p>\n","protected":false},"author":3,"featured_media":895,"comment_status":"closed","ping_status":"open","sticky":false,"template":"","format":"standard","meta":{"pgc_sgb_lightbox_settings":"","footnotes":""},"categories":[24],"tags":[],"class_list":["post-894","post","type-post","status-publish","format-standard","has-post-thumbnail","hentry","category-news"],"_links":{"self":[{"href":"https:\/\/www.doeer.eu\/sk\/wp-json\/wp\/v2\/posts\/894","targetHints":{"allow":["GET"]}}],"collection":[{"href":"https:\/\/www.doeer.eu\/sk\/wp-json\/wp\/v2\/posts"}],"about":[{"href":"https:\/\/www.doeer.eu\/sk\/wp-json\/wp\/v2\/types\/post"}],"author":[{"embeddable":true,"href":"https:\/\/www.doeer.eu\/sk\/wp-json\/wp\/v2\/users\/3"}],"replies":[{"embeddable":true,"href":"https:\/\/www.doeer.eu\/sk\/wp-json\/wp\/v2\/comments?post=894"}],"version-history":[{"count":1,"href":"https:\/\/www.doeer.eu\/sk\/wp-json\/wp\/v2\/posts\/894\/revisions"}],"predecessor-version":[{"id":896,"href":"https:\/\/www.doeer.eu\/sk\/wp-json\/wp\/v2\/posts\/894\/revisions\/896"}],"wp:featuredmedia":[{"embeddable":true,"href":"https:\/\/www.doeer.eu\/sk\/wp-json\/wp\/v2\/media\/895"}],"wp:attachment":[{"href":"https:\/\/www.doeer.eu\/sk\/wp-json\/wp\/v2\/media?parent=894"}],"wp:term":[{"taxonomy":"category","embeddable":true,"href":"https:\/\/www.doeer.eu\/sk\/wp-json\/wp\/v2\/categories?post=894"},{"taxonomy":"post_tag","embeddable":true,"href":"https:\/\/www.doeer.eu\/sk\/wp-json\/wp\/v2\/tags?post=894"}],"curies":[{"name":"wp","href":"https:\/\/api.w.org\/{rel}","templated":true}]}}