{"id":508,"date":"2023-03-01T16:35:58","date_gmt":"2023-03-01T15:35:58","guid":{"rendered":"https:\/\/www.doeer.eu\/en\/?p=508"},"modified":"2023-04-21T16:45:06","modified_gmt":"2023-04-21T14:45:06","slug":"equality-for-persons-with-disabilities","status":"publish","type":"post","link":"https:\/\/www.doeer.eu\/sk\/equality-for-persons-with-disabilities\/","title":{"rendered":"Rovnos\u0165 os\u00f4b so \u0161pecifick\u00fdmi potrebami"},"content":{"rendered":"\r\n<figure class=\"wp-block-image size-large\"><img loading=\"lazy\" decoding=\"async\" width=\"1024\" height=\"241\" class=\"wp-image-494\" src=\"https:\/\/www.doeer.eu\/wp-content\/uploads\/2023\/04\/mosaic-3394372_1920-e1682087221809-1024x241.jpg\" alt=\"\" srcset=\"https:\/\/www.doeer.eu\/wp-content\/uploads\/2023\/04\/mosaic-3394372_1920-e1682087221809-1024x241.jpg 1024w, https:\/\/www.doeer.eu\/wp-content\/uploads\/2023\/04\/mosaic-3394372_1920-e1682087221809-300x70.jpg 300w, https:\/\/www.doeer.eu\/wp-content\/uploads\/2023\/04\/mosaic-3394372_1920-e1682087221809-768x180.jpg 768w, https:\/\/www.doeer.eu\/wp-content\/uploads\/2023\/04\/mosaic-3394372_1920-e1682087221809-1536x361.jpg 1536w, https:\/\/www.doeer.eu\/wp-content\/uploads\/2023\/04\/mosaic-3394372_1920-e1682087221809.jpg 1920w\" sizes=\"auto, (max-width: 1024px) 100vw, 1024px\" \/><\/figure>\r\n\r\n\r\n\r\n<p>Rovnos\u0165 os\u00f4b so \u0161pecifick\u00fdmi potrebami znamen\u00e1, \u017ee osoby so \u0161pecifick\u00fdmi potrebami by mali ma\u0165 rovnak\u00e9 pr\u00edle\u017eitosti, pr\u00e1va a pr\u00edstup k zdrojom ako ostatn\u00ed jednotlivci.<br \/>To znamen\u00e1, \u017ee osoby so \u0161pecifick\u00fdmi potrebami by mali ma\u0165 rovnak\u00fd pr\u00edstup k vzdel\u00e1vaniu, zamestnaniu, zdravotnej starostlivosti, doprave, verejn\u00fdm slu\u017eb\u00e1m a \u010fal\u0161\u00edm oblastiam \u017eivota. Taktie\u017e by mali by\u0165 chr\u00e1nen\u00ed pred diskrimin\u00e1ciou, predsudkami a stigmatiz\u00e1ciou.<\/p>\r\n","protected":false},"excerpt":{"rendered":"<p>Rovnos\u0165 os\u00f4b so \u0161pecifick\u00fdmi potrebami znamen\u00e1, \u017ee osoby so \u0161pecifick\u00fdmi potrebami by mali ma\u0165 rovnak\u00e9 pr\u00edle\u017eitosti, pr\u00e1va a pr\u00edstup k zdrojom ako ostatn\u00ed jednotlivci<\/p>\n","protected":false},"author":3,"featured_media":494,"comment_status":"closed","ping_status":"closed","sticky":false,"template":"","format":"standard","meta":{"pgc_sgb_lightbox_settings":"","footnotes":""},"categories":[24],"tags":[],"class_list":["post-508","post","type-post","status-publish","format-standard","has-post-thumbnail","hentry","category-news"],"_links":{"self":[{"href":"https:\/\/www.doeer.eu\/sk\/wp-json\/wp\/v2\/posts\/508","targetHints":{"allow":["GET"]}}],"collection":[{"href":"https:\/\/www.doeer.eu\/sk\/wp-json\/wp\/v2\/posts"}],"about":[{"href":"https:\/\/www.doeer.eu\/sk\/wp-json\/wp\/v2\/types\/post"}],"author":[{"embeddable":true,"href":"https:\/\/www.doeer.eu\/sk\/wp-json\/wp\/v2\/users\/3"}],"replies":[{"embeddable":true,"href":"https:\/\/www.doeer.eu\/sk\/wp-json\/wp\/v2\/comments?post=508"}],"version-history":[{"count":1,"href":"https:\/\/www.doeer.eu\/sk\/wp-json\/wp\/v2\/posts\/508\/revisions"}],"predecessor-version":[{"id":509,"href":"https:\/\/www.doeer.eu\/sk\/wp-json\/wp\/v2\/posts\/508\/revisions\/509"}],"wp:featuredmedia":[{"embeddable":true,"href":"https:\/\/www.doeer.eu\/sk\/wp-json\/wp\/v2\/media\/494"}],"wp:attachment":[{"href":"https:\/\/www.doeer.eu\/sk\/wp-json\/wp\/v2\/media?parent=508"}],"wp:term":[{"taxonomy":"category","embeddable":true,"href":"https:\/\/www.doeer.eu\/sk\/wp-json\/wp\/v2\/categories?post=508"},{"taxonomy":"post_tag","embeddable":true,"href":"https:\/\/www.doeer.eu\/sk\/wp-json\/wp\/v2\/tags?post=508"}],"curies":[{"name":"wp","href":"https:\/\/api.w.org\/{rel}","templated":true}]}}