{"id":1449,"date":"2025-07-29T15:00:35","date_gmt":"2025-07-29T13:00:35","guid":{"rendered":"https:\/\/www.doeer.eu\/en\/?p=1449"},"modified":"2025-10-28T20:17:52","modified_gmt":"2025-10-28T19:17:52","slug":"future-steps","status":"publish","type":"post","link":"https:\/\/www.doeer.eu\/sk\/future-steps\/","title":{"rendered":"\u010eal\u0161ie kroky"},"content":{"rendered":"\r\n<p>&nbsp;<\/p>\r\n\r\n\r\n\r\n<figure class=\"wp-block-image size-full\"><img loading=\"lazy\" decoding=\"async\" width=\"662\" height=\"875\" class=\"wp-image-1475\" src=\"https:\/\/www.doeer.eu\/wp-content\/uploads\/2025\/07\/Sustainability.png\" alt=\"\" srcset=\"https:\/\/www.doeer.eu\/wp-content\/uploads\/2025\/07\/Sustainability.png 662w, https:\/\/www.doeer.eu\/wp-content\/uploads\/2025\/07\/Sustainability-227x300.png 227w\" sizes=\"auto, (max-width: 662px) 100vw, 662px\" \/><\/figure>\r\n\r\n\r\n\r\n<p>Na konci projektu t\u00edm DOEER prediskutoval a ods\u00fahlasil zlo\u017eky programu udr\u017eate\u013enosti. Program bol stanoven\u00fd v dokumente \u201eRoz\u0161\u00edren\u00fd program udr\u017eate\u013enosti \u2013 Strategick\u00fd pl\u00e1n vyu\u017eitia v\u00fdsledkov projektu Erasmus+ DOEER Digit\u00e1lne a otvoren\u00e9 vzdel\u00e1vanie pre odolnos\u0165 zalo\u017een\u00fa na rovnosti\u201c.<br \/><br \/><a href=\"https:\/\/www.doeer.eu\/wp-content\/uploads\/2025\/10\/DOEER-Extended-Sustainability.pdf\"><strong>Extended Sustainability Programme &#8211; Strategical plan on the use of the results of the Erasmus+ project DOEER Digital and Open&nbsp;Education for equality-based resilience<\/strong><\/a> (English)<br \/>Okrem toho bolo vytvoren\u00e9 video <strong><a href=\"https:\/\/www.doeer.eu\/sk\/doeer\/\">\u201cWhat is DOOER?\u201d<\/a><\/strong> ako komunika\u010dn\u00fd n\u00e1stroj, ktor\u00fd partneri vyu\u017eij\u00fa pri n\u00e1slednej propag\u00e1cii.<\/p>\r\n","protected":false},"excerpt":{"rendered":"<p>Na konci projektu t\u00edm DOEER stanovil komponenty programu udr\u017eate\u013enosti v dokumente \u201eRoz\u0161\u00edren\u00fd program udr\u017eate\u013enosti \u2013 Strategick\u00fd pl\u00e1n vyu\u017eitia v\u00fdsledkov projektu Erasmus+ DOEER Digit\u00e1lne a otvoren\u00e9 vzdel\u00e1vanie pre odolnos\u0165 zalo\u017een\u00fa na rovnosti\u201c a vytvoril video \u201eWhat is DOOER?\u201c, ktor\u00e9 partneri pou\u017eij\u00fa pri svojich n\u00e1sledn\u00fdch aktivit\u00e1ch.<\/p>\n","protected":false},"author":3,"featured_media":1475,"comment_status":"closed","ping_status":"open","sticky":false,"template":"","format":"standard","meta":{"pgc_sgb_lightbox_settings":"","footnotes":""},"categories":[24],"tags":[],"class_list":["post-1449","post","type-post","status-publish","format-standard","has-post-thumbnail","hentry","category-news"],"_links":{"self":[{"href":"https:\/\/www.doeer.eu\/sk\/wp-json\/wp\/v2\/posts\/1449","targetHints":{"allow":["GET"]}}],"collection":[{"href":"https:\/\/www.doeer.eu\/sk\/wp-json\/wp\/v2\/posts"}],"about":[{"href":"https:\/\/www.doeer.eu\/sk\/wp-json\/wp\/v2\/types\/post"}],"author":[{"embeddable":true,"href":"https:\/\/www.doeer.eu\/sk\/wp-json\/wp\/v2\/users\/3"}],"replies":[{"embeddable":true,"href":"https:\/\/www.doeer.eu\/sk\/wp-json\/wp\/v2\/comments?post=1449"}],"version-history":[{"count":6,"href":"https:\/\/www.doeer.eu\/sk\/wp-json\/wp\/v2\/posts\/1449\/revisions"}],"predecessor-version":[{"id":1486,"href":"https:\/\/www.doeer.eu\/sk\/wp-json\/wp\/v2\/posts\/1449\/revisions\/1486"}],"wp:featuredmedia":[{"embeddable":true,"href":"https:\/\/www.doeer.eu\/sk\/wp-json\/wp\/v2\/media\/1475"}],"wp:attachment":[{"href":"https:\/\/www.doeer.eu\/sk\/wp-json\/wp\/v2\/media?parent=1449"}],"wp:term":[{"taxonomy":"category","embeddable":true,"href":"https:\/\/www.doeer.eu\/sk\/wp-json\/wp\/v2\/categories?post=1449"},{"taxonomy":"post_tag","embeddable":true,"href":"https:\/\/www.doeer.eu\/sk\/wp-json\/wp\/v2\/tags?post=1449"}],"curies":[{"name":"wp","href":"https:\/\/api.w.org\/{rel}","templated":true}]}}