{"id":1414,"date":"2025-04-24T18:33:39","date_gmt":"2025-04-24T16:33:39","guid":{"rendered":"https:\/\/www.doeer.eu\/en\/?p=1414"},"modified":"2025-10-27T23:03:32","modified_gmt":"2025-10-27T22:03:32","slug":"the-doeer-events","status":"publish","type":"post","link":"https:\/\/www.doeer.eu\/sk\/the-doeer-events\/","title":{"rendered":"Podujatia DOEER na prezent\u00e1ciu v\u0161etk\u00fdch v\u00fdsledkov v krajin\u00e1ch projektu"},"content":{"rendered":"\r\n<figure class=\"wp-block-image size-large\"><img loading=\"lazy\" decoding=\"async\" width=\"1024\" height=\"735\" class=\"wp-image-1435\" src=\"https:\/\/www.doeer.eu\/wp-content\/uploads\/2025\/04\/DOEER_Events-1024x735.jpg\" alt=\"\" srcset=\"https:\/\/www.doeer.eu\/wp-content\/uploads\/2025\/04\/DOEER_Events-1024x735.jpg 1024w, https:\/\/www.doeer.eu\/wp-content\/uploads\/2025\/04\/DOEER_Events-300x215.jpg 300w, https:\/\/www.doeer.eu\/wp-content\/uploads\/2025\/04\/DOEER_Events-768x552.jpg 768w, https:\/\/www.doeer.eu\/wp-content\/uploads\/2025\/04\/DOEER_Events-1536x1103.jpg 1536w, https:\/\/www.doeer.eu\/wp-content\/uploads\/2025\/04\/DOEER_Events-2048x1471.jpg 2048w\" sizes=\"auto, (max-width: 1024px) 100vw, 1024px\" \/><\/figure>\r\n\r\n\r\n\r\n<p>Projektov\u00fd t\u00edm napl\u00e1noval aktivity na prezent\u00e1ciu v\u00fdsledkov DOEER, ako napr\u00edklad n\u00e1rodn\u00e9 podujatia v krajin\u00e1ch \u0160panielsko, Rumunsko, Slovensko, Cyprus a Slovinsko v obdob\u00ed apr\u00edl \u2013 m\u00e1j 2025 a z\u00e1vere\u010dn\u00fa medzin\u00e1rodn\u00fa konferenciu v Taliansku v j\u00fani 2025.<\/p>\r\n\r\n\r\n\r\n<div class=\"wp-block-spacer\" style=\"height: 20px;\" aria-hidden=\"true\">&nbsp;<\/div>\r\n\r\n\r\n\r\n<h2 class=\"wp-block-heading\">Kalend\u00e1r n\u00e1rodn\u00fdch podujat\u00ed v projektov\u00fdch krajin\u00e1ch<\/h2>\r\n\r\n\r\n\r\n<p><strong>28. apr\u00edla 2025<\/strong>: Sevilla, \u0160panielsko<br \/><strong>5. m\u00e1ja 2025<\/strong>: Bratislava, Slovensko<br \/><strong>7. m\u00e1ja 2025<\/strong>: \u013dub\u013eana, Slovinsko<br \/><strong>20. m\u00e1ja 2025<\/strong>: Bukure\u0161\u0165, Rumunsko<br \/><strong>26. m\u00e1ja 2025<\/strong>: Nik\u00f3zia, Cyprus<br \/><br \/><\/p>\r\n<h2 class=\"wp-block-heading\">Z\u00e1vere\u010dn\u00e1 medzin\u00e1rodn\u00e1 konferencia v Taliansku<\/h2>\r\n<p><br \/>Z\u00e1vere\u010dn\u00e1 medzin\u00e1rodn\u00e1 konferencia sa uskuto\u010dn\u00ed v Neapole (Taliansko). Toto podujatie bude organizovan\u00e9 <strong>20. j\u00fana 2025<\/strong> koordin\u00e1torom projektu <strong>Univerzita Federica II. v Neapole \u2013 Katedra politol\u00f3gie<\/strong>.<\/p>\r\n","protected":false},"excerpt":{"rendered":"<p>V\u00fdsledky DOEER bud\u00fa prezentovan\u00e9 po\u010das \u0161pecializovan\u00fdch n\u00e1rodn\u00fdch podujat\u00ed organizovan\u00fdch v apr\u00edli a\u017e j\u00fani 2025 vo v\u0161etk\u00fdch krajin\u00e1ch projektu<\/p>\n","protected":false},"author":3,"featured_media":1435,"comment_status":"closed","ping_status":"open","sticky":false,"template":"","format":"standard","meta":{"pgc_sgb_lightbox_settings":"","footnotes":""},"categories":[24],"tags":[],"class_list":["post-1414","post","type-post","status-publish","format-standard","has-post-thumbnail","hentry","category-news"],"_links":{"self":[{"href":"https:\/\/www.doeer.eu\/sk\/wp-json\/wp\/v2\/posts\/1414","targetHints":{"allow":["GET"]}}],"collection":[{"href":"https:\/\/www.doeer.eu\/sk\/wp-json\/wp\/v2\/posts"}],"about":[{"href":"https:\/\/www.doeer.eu\/sk\/wp-json\/wp\/v2\/types\/post"}],"author":[{"embeddable":true,"href":"https:\/\/www.doeer.eu\/sk\/wp-json\/wp\/v2\/users\/3"}],"replies":[{"embeddable":true,"href":"https:\/\/www.doeer.eu\/sk\/wp-json\/wp\/v2\/comments?post=1414"}],"version-history":[{"count":17,"href":"https:\/\/www.doeer.eu\/sk\/wp-json\/wp\/v2\/posts\/1414\/revisions"}],"predecessor-version":[{"id":1464,"href":"https:\/\/www.doeer.eu\/sk\/wp-json\/wp\/v2\/posts\/1414\/revisions\/1464"}],"wp:featuredmedia":[{"embeddable":true,"href":"https:\/\/www.doeer.eu\/sk\/wp-json\/wp\/v2\/media\/1435"}],"wp:attachment":[{"href":"https:\/\/www.doeer.eu\/sk\/wp-json\/wp\/v2\/media?parent=1414"}],"wp:term":[{"taxonomy":"category","embeddable":true,"href":"https:\/\/www.doeer.eu\/sk\/wp-json\/wp\/v2\/categories?post=1414"},{"taxonomy":"post_tag","embeddable":true,"href":"https:\/\/www.doeer.eu\/sk\/wp-json\/wp\/v2\/tags?post=1414"}],"curies":[{"name":"wp","href":"https:\/\/api.w.org\/{rel}","templated":true}]}}