{"id":1276,"date":"2024-11-26T09:09:53","date_gmt":"2024-11-26T08:09:53","guid":{"rendered":"https:\/\/www.doeer.eu\/en\/?p=1276"},"modified":"2024-11-28T21:43:17","modified_gmt":"2024-11-28T20:43:17","slug":"attendees-evaluation-of-the-training-event-in-spain","status":"publish","type":"post","link":"https:\/\/www.doeer.eu\/sk\/attendees-evaluation-of-the-training-event-in-spain\/","title":{"rendered":"Hodnotenie vzdel\u00e1vacieho podujatia \u00fa\u010dastn\u00edku v \u0160panielsku "},"content":{"rendered":"\r\n<figure class=\"wp-block-image size-large\"><img loading=\"lazy\" decoding=\"async\" width=\"1024\" height=\"737\" class=\"wp-image-1317\" src=\"https:\/\/www.doeer.eu\/wp-content\/uploads\/2024\/11\/20241022_160349-scaled-e1732658775303-1024x737.jpg\" alt=\"\" srcset=\"https:\/\/www.doeer.eu\/wp-content\/uploads\/2024\/11\/20241022_160349-scaled-e1732658775303-1024x737.jpg 1024w, https:\/\/www.doeer.eu\/wp-content\/uploads\/2024\/11\/20241022_160349-scaled-e1732658775303-300x216.jpg 300w, https:\/\/www.doeer.eu\/wp-content\/uploads\/2024\/11\/20241022_160349-scaled-e1732658775303-768x553.jpg 768w, https:\/\/www.doeer.eu\/wp-content\/uploads\/2024\/11\/20241022_160349-scaled-e1732658775303.jpg 1440w\" sizes=\"auto, (max-width: 1024px) 100vw, 1024px\" \/><\/figure>\r\n\r\n\r\n\r\n<p>Podujatie zameran\u00e9 na vz\u00e1jomn\u00e9 vzdel\u00e1vanie zamestnancov sa konalo v obdob\u00ed 22. a\u017e 25. okt\u00f3bra v \u0160panielsku.Aktivitu zorganizoval partner EUSA s podporou Obchodnej komory v Seville a z\u00fa\u010dastnilo sa na nej celkovo 20 odborn\u00edkov z partnersk\u00fdch organiz\u00e1ci\u00ed.<br \/>Okrem pr\u00edspevku \u0161panielskych odborn\u00edkov, ktor\u00ed predstavili svoj v\u00fdskum a pr\u00e1cu v oblasti inkluz\u00edvneho cestovn\u00e9ho ruchu, si \u00fa\u010dastn\u00edci vymenili n\u00e1pady a podrobne diskutovali o vytvorenom <strong>Kurze DOEER o praxi zalo\u017eenej na rovnosti v cestovnom ruchu<\/strong>.<\/p>\r\n\r\n\r\n\r\n<figure class=\"wp-block-image size-large\"><img loading=\"lazy\" decoding=\"async\" width=\"1024\" height=\"935\" class=\"wp-image-1318\" src=\"https:\/\/www.doeer.eu\/wp-content\/uploads\/2024\/11\/LTTA3-scaled-e1732658567692-1024x935.jpg\" alt=\"\" srcset=\"https:\/\/www.doeer.eu\/wp-content\/uploads\/2024\/11\/LTTA3-scaled-e1732658567692-1024x935.jpg 1024w, https:\/\/www.doeer.eu\/wp-content\/uploads\/2024\/11\/LTTA3-scaled-e1732658567692-300x274.jpg 300w, https:\/\/www.doeer.eu\/wp-content\/uploads\/2024\/11\/LTTA3-scaled-e1732658567692-768x701.jpg 768w, https:\/\/www.doeer.eu\/wp-content\/uploads\/2024\/11\/LTTA3-scaled-e1732658567692.jpg 1529w\" sizes=\"auto, (max-width: 1024px) 100vw, 1024px\" \/><\/figure>\r\n\r\n\r\n\r\n<p><strong>Niektor\u00e9 z koment\u00e1rov \u00fa\u010dastn\u00edkov k ukon\u010denej aktivite:<\/strong><br \/><em>\u201eLektori ve\u013emi jasne vysvet\u013eovali a venovali ve\u013ea \u010dasu ka\u017edej lekcii\u201c<\/em><br \/><em>\u201eAbsol\u00fatne vynikaj\u00face\u201c<\/em><br \/><em>&#8222;Kurz DOEER o postupoch zalo\u017een\u00fdch na rovnosti v cestovnom ruchu bol relevantn\u00fdm a funk\u010dn\u00fdm sp\u00f4sobom pokryt\u00fd partnermi zapojen\u00fdmi do projektu. Je to n\u00e1stroj, ktor\u00fd sa d\u00e1 efekt\u00edvne a validne vyu\u017e\u00edva\u0165&#8220;<\/em><br \/><br \/><strong>\u00da\u010dastn\u00edci si z podujatia odniesli:<\/strong><br \/><em>\u201eZdie\u013eanie, vz\u0165ahy, diskusia o z\u00e1kladn\u00fdch t\u00e9mach\u201c<\/em><br \/><em>\u201eInterakcia a poznatky s eur\u00f3pskymi partnermi na zauj\u00edmav\u00fa a u\u017eito\u010dn\u00fa t\u00e9mu; akt\u00edvna \u00fa\u010das\u0165 a diskusia o t\u00e9mach; spracovanie t\u00e9my pomocou inovat\u00edvnych pr\u00edstupov a n\u00e1strojov\u201c<\/em><br \/><em>\u201eSpokojnos\u0165 so spolo\u010dnou pr\u00e1cou na kurze, komplexn\u00fd a podrobn\u00fd poh\u013ead na kurz DOEER, ktor\u00fd sa bude realizova\u0165, a n\u00e1pady na mo\u017enosti spolupr\u00e1ce s in\u00fdmi eur\u00f3pskymi projektmi v podobn\u00fdch oblastiach\u201d<\/em><\/p>\r\n\r\n\r\n\r\n<p>&nbsp;<\/p>\r\n","protected":false},"excerpt":{"rendered":"<p>Sp\u00e4tn\u00e1 v\u00e4zba 20 \u00fa\u010dastn\u00edkov z partnersk\u00fdch organiz\u00e1ci\u00ed, ktor\u00ed sa z\u00fa\u010dastnili na partnerskom \u0161kolen\u00ed zamestnancov v Seville, \u0160panielsko<\/p>\n","protected":false},"author":3,"featured_media":1318,"comment_status":"closed","ping_status":"open","sticky":false,"template":"","format":"standard","meta":{"pgc_sgb_lightbox_settings":"","footnotes":""},"categories":[24],"tags":[],"class_list":["post-1276","post","type-post","status-publish","format-standard","has-post-thumbnail","hentry","category-news"],"_links":{"self":[{"href":"https:\/\/www.doeer.eu\/sk\/wp-json\/wp\/v2\/posts\/1276","targetHints":{"allow":["GET"]}}],"collection":[{"href":"https:\/\/www.doeer.eu\/sk\/wp-json\/wp\/v2\/posts"}],"about":[{"href":"https:\/\/www.doeer.eu\/sk\/wp-json\/wp\/v2\/types\/post"}],"author":[{"embeddable":true,"href":"https:\/\/www.doeer.eu\/sk\/wp-json\/wp\/v2\/users\/3"}],"replies":[{"embeddable":true,"href":"https:\/\/www.doeer.eu\/sk\/wp-json\/wp\/v2\/comments?post=1276"}],"version-history":[{"count":3,"href":"https:\/\/www.doeer.eu\/sk\/wp-json\/wp\/v2\/posts\/1276\/revisions"}],"predecessor-version":[{"id":1327,"href":"https:\/\/www.doeer.eu\/sk\/wp-json\/wp\/v2\/posts\/1276\/revisions\/1327"}],"wp:featuredmedia":[{"embeddable":true,"href":"https:\/\/www.doeer.eu\/sk\/wp-json\/wp\/v2\/media\/1318"}],"wp:attachment":[{"href":"https:\/\/www.doeer.eu\/sk\/wp-json\/wp\/v2\/media?parent=1276"}],"wp:term":[{"taxonomy":"category","embeddable":true,"href":"https:\/\/www.doeer.eu\/sk\/wp-json\/wp\/v2\/categories?post=1276"},{"taxonomy":"post_tag","embeddable":true,"href":"https:\/\/www.doeer.eu\/sk\/wp-json\/wp\/v2\/tags?post=1276"}],"curies":[{"name":"wp","href":"https:\/\/api.w.org\/{rel}","templated":true}]}}