{"id":506,"date":"2023-03-01T16:30:39","date_gmt":"2023-03-01T15:30:39","guid":{"rendered":"https:\/\/www.doeer.eu\/en\/?p=506"},"modified":"2023-04-21T16:33:43","modified_gmt":"2023-04-21T14:33:43","slug":"social-equality","status":"publish","type":"post","link":"https:\/\/www.doeer.eu\/ro\/social-equality\/","title":{"rendered":"Egalitatea social\u0103"},"content":{"rendered":"\r\n<figure class=\"wp-block-image size-large\"><img loading=\"lazy\" decoding=\"async\" width=\"1024\" height=\"241\" class=\"wp-image-494\" src=\"https:\/\/www.doeer.eu\/wp-content\/uploads\/2023\/04\/mosaic-3394372_1920-e1682087221809-1024x241.jpg\" alt=\"\" srcset=\"https:\/\/www.doeer.eu\/wp-content\/uploads\/2023\/04\/mosaic-3394372_1920-e1682087221809-1024x241.jpg 1024w, https:\/\/www.doeer.eu\/wp-content\/uploads\/2023\/04\/mosaic-3394372_1920-e1682087221809-300x70.jpg 300w, https:\/\/www.doeer.eu\/wp-content\/uploads\/2023\/04\/mosaic-3394372_1920-e1682087221809-768x180.jpg 768w, https:\/\/www.doeer.eu\/wp-content\/uploads\/2023\/04\/mosaic-3394372_1920-e1682087221809-1536x361.jpg 1536w, https:\/\/www.doeer.eu\/wp-content\/uploads\/2023\/04\/mosaic-3394372_1920-e1682087221809.jpg 1920w\" sizes=\"auto, (max-width: 1024px) 100vw, 1024px\" \/><\/figure>\r\n\r\n\r\n\r\n<p>Egalitatea social\u0103 se refer\u0103 la principiul egalit\u0103\u021bii de tratament \u0219i oportunit\u0103\u021bi pentru to\u021bi indivizii dintr-o societate, indiferent de mediul lor, statutul social sau alte tr\u0103s\u0103turi personale. \u00censeamn\u0103 c\u0103 toat\u0103 lumea ar trebui s\u0103 aib\u0103 acces la acelea\u0219i resurse, oportunit\u0103\u021bi \u0219i drepturi \u0219i ar trebui s\u0103 fie tratat\u0103 cu demnitate \u0219i respect. Egalitatea social\u0103 cuprinde diferite dimensiuni ale inegalit\u0103\u021bii, inclusiv factori economici, politici \u0219i culturali, \u0219i \u00eencearc\u0103 s\u0103 abordeze diferen\u021bele de venituri, bog\u0103\u021bie, educa\u021bie, asisten\u021b\u0103 medical\u0103 \u0219i alte domenii ale vie\u021bii.<\/p>\r\n","protected":false},"excerpt":{"rendered":"<p>Egalitatea social\u0103 se refer\u0103 la principiul egalit\u0103\u021bii de tratament \u0219i oportunit\u0103\u021bi pentru to\u021bi indivizii dintr-o societate, indiferent de mediul lor, statutul social sau alte tr\u0103s\u0103turi personale<\/p>\n","protected":false},"author":3,"featured_media":494,"comment_status":"closed","ping_status":"closed","sticky":false,"template":"","format":"standard","meta":{"pgc_sgb_lightbox_settings":"","footnotes":""},"categories":[24],"tags":[],"class_list":["post-506","post","type-post","status-publish","format-standard","has-post-thumbnail","hentry","category-news"],"_links":{"self":[{"href":"https:\/\/www.doeer.eu\/ro\/wp-json\/wp\/v2\/posts\/506","targetHints":{"allow":["GET"]}}],"collection":[{"href":"https:\/\/www.doeer.eu\/ro\/wp-json\/wp\/v2\/posts"}],"about":[{"href":"https:\/\/www.doeer.eu\/ro\/wp-json\/wp\/v2\/types\/post"}],"author":[{"embeddable":true,"href":"https:\/\/www.doeer.eu\/ro\/wp-json\/wp\/v2\/users\/3"}],"replies":[{"embeddable":true,"href":"https:\/\/www.doeer.eu\/ro\/wp-json\/wp\/v2\/comments?post=506"}],"version-history":[{"count":1,"href":"https:\/\/www.doeer.eu\/ro\/wp-json\/wp\/v2\/posts\/506\/revisions"}],"predecessor-version":[{"id":507,"href":"https:\/\/www.doeer.eu\/ro\/wp-json\/wp\/v2\/posts\/506\/revisions\/507"}],"wp:featuredmedia":[{"embeddable":true,"href":"https:\/\/www.doeer.eu\/ro\/wp-json\/wp\/v2\/media\/494"}],"wp:attachment":[{"href":"https:\/\/www.doeer.eu\/ro\/wp-json\/wp\/v2\/media?parent=506"}],"wp:term":[{"taxonomy":"category","embeddable":true,"href":"https:\/\/www.doeer.eu\/ro\/wp-json\/wp\/v2\/categories?post=506"},{"taxonomy":"post_tag","embeddable":true,"href":"https:\/\/www.doeer.eu\/ro\/wp-json\/wp\/v2\/tags?post=506"}],"curies":[{"name":"wp","href":"https:\/\/api.w.org\/{rel}","templated":true}]}}