{"id":1414,"date":"2025-04-24T18:33:39","date_gmt":"2025-04-24T16:33:39","guid":{"rendered":"https:\/\/www.doeer.eu\/en\/?p=1414"},"modified":"2025-10-27T23:03:32","modified_gmt":"2025-10-27T22:03:32","slug":"the-doeer-events","status":"publish","type":"post","link":"https:\/\/www.doeer.eu\/ro\/the-doeer-events\/","title":{"rendered":"Evenimentele DOEER vor prezenta toate rezultatele \u00een \u021b\u0103rile proiectului"},"content":{"rendered":"\r\n<figure class=\"wp-block-image size-large\"><img loading=\"lazy\" decoding=\"async\" width=\"1024\" height=\"735\" class=\"wp-image-1435\" src=\"https:\/\/www.doeer.eu\/wp-content\/uploads\/2025\/04\/DOEER_Events-1024x735.jpg\" alt=\"\" srcset=\"https:\/\/www.doeer.eu\/wp-content\/uploads\/2025\/04\/DOEER_Events-1024x735.jpg 1024w, https:\/\/www.doeer.eu\/wp-content\/uploads\/2025\/04\/DOEER_Events-300x215.jpg 300w, https:\/\/www.doeer.eu\/wp-content\/uploads\/2025\/04\/DOEER_Events-768x552.jpg 768w, https:\/\/www.doeer.eu\/wp-content\/uploads\/2025\/04\/DOEER_Events-1536x1103.jpg 1536w, https:\/\/www.doeer.eu\/wp-content\/uploads\/2025\/04\/DOEER_Events-2048x1471.jpg 2048w\" sizes=\"auto, (max-width: 1024px) 100vw, 1024px\" \/><\/figure>\r\n\r\n\r\n\r\n<p>Echipa de proiect a programat activit\u0103\u021bi pentru prezentarea rezultatelor DOEER, cum ar fi evenimentele na\u021bionale din \u021b\u0103rile Spania, Rom\u00e2nia, Slovacia, Cipru \u0219i Slovenia \u00een perioada aprilie-mai 2025 \u0219i conferin\u021ba interna\u021bional\u0103 final\u0103 din Italia, tot \u00een iunie 2025.<\/p>\r\n\r\n\r\n\r\n<div class=\"wp-block-spacer\" style=\"height: 20px;\" aria-hidden=\"true\">&nbsp;<\/div>\r\n\r\n\r\n\r\n<h2 class=\"wp-block-heading\">Calendarul evenimentelor na\u021bionale din \u021b\u0103rile participante la proiect<\/h2>\r\n\r\n\r\n\r\n<p>28 aprilie 2025: Sevilla, Spania<br \/>5 mai 2025: Bratislava, Slovacia<br \/>7 mai 2025: Ljubljana, Slovenia<br \/>20 mai 2025: Bucure\u0219ti, Rom\u00e2nia<br \/>26 mai 2025: Nicosia, Cipru<br \/><br \/><\/p>\r\n<h2 class=\"wp-block-heading\">Conferin\u021ba interna\u021bional\u0103 final\u0103 \u00een Italia<\/h2>\r\n<p><br \/>Conferin\u021ba interna\u021bional\u0103 final\u0103 va avea loc la Napoli (Italia). Acest eveniment va fi organizat pe <strong>20 iunie 2025<\/strong> de c\u0103tre coordonatorul de proiect al <strong>Universit\u0103\u021bii din Napoli Federico II &#8211; Departamentul de \u0218tiin\u021be Politice.<\/strong><\/p>\r\n","protected":false},"excerpt":{"rendered":"<p>Rezultatele DOEER vor fi prezentate \u00een cadrul unor evenimente na\u021bionale dedicate, organizate \u00een perioada aprilie-iunie 2025 \u00een toate \u021b\u0103rile implicate \u00een proiect<\/p>\n","protected":false},"author":3,"featured_media":1435,"comment_status":"closed","ping_status":"open","sticky":false,"template":"","format":"standard","meta":{"pgc_sgb_lightbox_settings":"","footnotes":""},"categories":[24],"tags":[],"class_list":["post-1414","post","type-post","status-publish","format-standard","has-post-thumbnail","hentry","category-news"],"_links":{"self":[{"href":"https:\/\/www.doeer.eu\/ro\/wp-json\/wp\/v2\/posts\/1414","targetHints":{"allow":["GET"]}}],"collection":[{"href":"https:\/\/www.doeer.eu\/ro\/wp-json\/wp\/v2\/posts"}],"about":[{"href":"https:\/\/www.doeer.eu\/ro\/wp-json\/wp\/v2\/types\/post"}],"author":[{"embeddable":true,"href":"https:\/\/www.doeer.eu\/ro\/wp-json\/wp\/v2\/users\/3"}],"replies":[{"embeddable":true,"href":"https:\/\/www.doeer.eu\/ro\/wp-json\/wp\/v2\/comments?post=1414"}],"version-history":[{"count":17,"href":"https:\/\/www.doeer.eu\/ro\/wp-json\/wp\/v2\/posts\/1414\/revisions"}],"predecessor-version":[{"id":1464,"href":"https:\/\/www.doeer.eu\/ro\/wp-json\/wp\/v2\/posts\/1414\/revisions\/1464"}],"wp:featuredmedia":[{"embeddable":true,"href":"https:\/\/www.doeer.eu\/ro\/wp-json\/wp\/v2\/media\/1435"}],"wp:attachment":[{"href":"https:\/\/www.doeer.eu\/ro\/wp-json\/wp\/v2\/media?parent=1414"}],"wp:term":[{"taxonomy":"category","embeddable":true,"href":"https:\/\/www.doeer.eu\/ro\/wp-json\/wp\/v2\/categories?post=1414"},{"taxonomy":"post_tag","embeddable":true,"href":"https:\/\/www.doeer.eu\/ro\/wp-json\/wp\/v2\/tags?post=1414"}],"curies":[{"name":"wp","href":"https:\/\/api.w.org\/{rel}","templated":true}]}}