{"id":1276,"date":"2024-11-26T09:09:53","date_gmt":"2024-11-26T08:09:53","guid":{"rendered":"https:\/\/www.doeer.eu\/en\/?p=1276"},"modified":"2024-11-28T21:43:17","modified_gmt":"2024-11-28T20:43:17","slug":"attendees-evaluation-of-the-training-event-in-spain","status":"publish","type":"post","link":"https:\/\/www.doeer.eu\/ro\/attendees-evaluation-of-the-training-event-in-spain\/","title":{"rendered":"Evaluarea participan\u021bilor la evenimentul de instruire din Spania"},"content":{"rendered":"\r\n<figure class=\"wp-block-image size-large\"><img loading=\"lazy\" decoding=\"async\" width=\"1024\" height=\"737\" class=\"wp-image-1317\" src=\"https:\/\/www.doeer.eu\/wp-content\/uploads\/2024\/11\/20241022_160349-scaled-e1732658775303-1024x737.jpg\" alt=\"\" srcset=\"https:\/\/www.doeer.eu\/wp-content\/uploads\/2024\/11\/20241022_160349-scaled-e1732658775303-1024x737.jpg 1024w, https:\/\/www.doeer.eu\/wp-content\/uploads\/2024\/11\/20241022_160349-scaled-e1732658775303-300x216.jpg 300w, https:\/\/www.doeer.eu\/wp-content\/uploads\/2024\/11\/20241022_160349-scaled-e1732658775303-768x553.jpg 768w, https:\/\/www.doeer.eu\/wp-content\/uploads\/2024\/11\/20241022_160349-scaled-e1732658775303.jpg 1440w\" sizes=\"auto, (max-width: 1024px) 100vw, 1024px\" \/><\/figure>\r\n\r\n\r\n\r\n<p>Evenimentul de instruire comun\u0103 a personalului a avut loc \u00een perioada 22-25 octombrie, \u00een Spania. Activitatea a fost organizat\u0103 de partenerul EUSA, cu sprijinul Camerei de Comer\u021b din Sevilla, \u0219i a reunit un total de 20 de profesioni\u0219ti din organiza\u021biile partenere.<br \/>Pe l\u00e2ng\u0103 contribu\u021biile exper\u021bilor spanioli care \u0219i-au prezentat cercet\u0103rile \u0219i activitatea \u00een domeniul turismului incluziv, participan\u021bii au \u00eemp\u0103rt\u0103\u0219it idei \u0219i au purtat discu\u021bii detaliate despre <strong>Cursul DOEER creat pentru practicile bazate pe egalitate \u00een turism<\/strong>.<br \/>La finalul evenimentului, to\u021bi participan\u021bii au oferit feedback cu privire la activitatea desf\u0103\u0219urat\u0103.<\/p>\r\n\r\n\r\n\r\n<figure class=\"wp-block-image size-large\"><img loading=\"lazy\" decoding=\"async\" width=\"1024\" height=\"935\" class=\"wp-image-1318\" src=\"https:\/\/www.doeer.eu\/wp-content\/uploads\/2024\/11\/LTTA3-scaled-e1732658567692-1024x935.jpg\" alt=\"\" srcset=\"https:\/\/www.doeer.eu\/wp-content\/uploads\/2024\/11\/LTTA3-scaled-e1732658567692-1024x935.jpg 1024w, https:\/\/www.doeer.eu\/wp-content\/uploads\/2024\/11\/LTTA3-scaled-e1732658567692-300x274.jpg 300w, https:\/\/www.doeer.eu\/wp-content\/uploads\/2024\/11\/LTTA3-scaled-e1732658567692-768x701.jpg 768w, https:\/\/www.doeer.eu\/wp-content\/uploads\/2024\/11\/LTTA3-scaled-e1732658567692.jpg 1529w\" sizes=\"auto, (max-width: 1024px) 100vw, 1024px\" \/><\/figure>\r\n\r\n\r\n\r\n<p><strong>Comentarii ale participan\u021bilor despre activitatea desf\u0103\u0219urat\u0103:<\/strong><br \/><em>\u201ePrezent\u0103rile au fost foarte clare, iar lectorii au acordat mult timp pentru fiecare lec\u021bie.\u201d<\/em><br \/><em>\u201eAbsolut excelent.\u201d<\/em><br \/><em>\u201eCursul DOEER despre practici bazate pe egalitate \u00een turism a fost abordat \u00eentr-un mod relevant \u0219i func\u021bional de c\u0103tre partenerii implica\u021bi \u00een proiect. Este un instrument ce poate fi utilizat eficient \u0219i valid.\u201d<\/em><br \/><br \/><strong>Ce au \u00eenv\u0103\u021bat participan\u021bii la acest eveniment:<\/strong><br \/><em>\u201eSchimb de experien\u021be, rela\u021bionare, discu\u021bii pe subiecte fundamentale.\u201d<\/em><br \/><em>\u201eInterac\u021biune \u0219i cunoa\u0219tere cu parteneri europeni pe un subiect interesant \u0219i util; participare activ\u0103 \u0219i discu\u021bii pe teme importante; tratarea subiectului cu abord\u0103ri \u0219i instrumente inovatoare.\u201d<\/em><br \/><em>\u201eSatisfac\u021bia muncii comune realizate pentru curs, o perspectiv\u0103 cuprinz\u0103toare \u0219i detaliat\u0103 asupra cursului DOEER ce urmeaz\u0103 a fi livrat, precum \u0219i idei despre oportunit\u0103\u021bi de cooperare cu alte proiecte europene din domenii similare.\u201d<\/em><\/p>\r\n\r\n\r\n\r\n<p>&nbsp;<\/p>\r\n","protected":false},"excerpt":{"rendered":"<p>Feedback-ul celor 20 de participan\u021bi din organiza\u021biile partenere care au luat parte la instruirea comun\u0103 a personalului \u00een Sevilla, Spania<\/p>\n","protected":false},"author":3,"featured_media":1318,"comment_status":"closed","ping_status":"open","sticky":false,"template":"","format":"standard","meta":{"pgc_sgb_lightbox_settings":"","footnotes":""},"categories":[24],"tags":[],"class_list":["post-1276","post","type-post","status-publish","format-standard","has-post-thumbnail","hentry","category-news"],"_links":{"self":[{"href":"https:\/\/www.doeer.eu\/ro\/wp-json\/wp\/v2\/posts\/1276","targetHints":{"allow":["GET"]}}],"collection":[{"href":"https:\/\/www.doeer.eu\/ro\/wp-json\/wp\/v2\/posts"}],"about":[{"href":"https:\/\/www.doeer.eu\/ro\/wp-json\/wp\/v2\/types\/post"}],"author":[{"embeddable":true,"href":"https:\/\/www.doeer.eu\/ro\/wp-json\/wp\/v2\/users\/3"}],"replies":[{"embeddable":true,"href":"https:\/\/www.doeer.eu\/ro\/wp-json\/wp\/v2\/comments?post=1276"}],"version-history":[{"count":3,"href":"https:\/\/www.doeer.eu\/ro\/wp-json\/wp\/v2\/posts\/1276\/revisions"}],"predecessor-version":[{"id":1327,"href":"https:\/\/www.doeer.eu\/ro\/wp-json\/wp\/v2\/posts\/1276\/revisions\/1327"}],"wp:featuredmedia":[{"embeddable":true,"href":"https:\/\/www.doeer.eu\/ro\/wp-json\/wp\/v2\/media\/1318"}],"wp:attachment":[{"href":"https:\/\/www.doeer.eu\/ro\/wp-json\/wp\/v2\/media?parent=1276"}],"wp:term":[{"taxonomy":"category","embeddable":true,"href":"https:\/\/www.doeer.eu\/ro\/wp-json\/wp\/v2\/categories?post=1276"},{"taxonomy":"post_tag","embeddable":true,"href":"https:\/\/www.doeer.eu\/ro\/wp-json\/wp\/v2\/tags?post=1276"}],"curies":[{"name":"wp","href":"https:\/\/api.w.org\/{rel}","templated":true}]}}