{"id":909,"date":"2023-06-08T15:40:30","date_gmt":"2023-06-08T13:40:30","guid":{"rendered":"https:\/\/www.doeer.eu\/en\/?p=909"},"modified":"2023-07-01T12:27:42","modified_gmt":"2023-07-01T10:27:42","slug":"the-doeer-definitions-of-equalities","status":"publish","type":"post","link":"https:\/\/www.doeer.eu\/it\/the-doeer-definitions-of-equalities\/","title":{"rendered":"Le definizioni di uguaglianza di DOEER"},"content":{"rendered":"\r\n<p>Il progetto DOEER ha selezionato e descritto specifiche dimensioni dell\u2019Uguaglianza, di cui il progetto fornisce un apprendimento specifico per acquisire competenze sulle pratiche basate sull&#8217;uguaglianza nel settore dell&#8217;istruzione e delle imprese.<\/p>\r\n\r\n\r\n<div class=\"wp-block-image\">\r\n<figure class=\"alignright size-full is-resized\"><img loading=\"lazy\" decoding=\"async\" class=\"wp-image-924\" src=\"\/wp-content\/uploads\/2023\/06\/definitions_cover-IT.png\" alt=\"\" width=\"326\" height=\"328\" \/><\/figure><\/div>\r\n\r\n\r\n<h2 class=\"wp-block-heading\"><strong><a href=\"\/it\/intercultural-equality\/\">Uguaglianza interculturale<\/a><\/strong><\/h2>\r\n\r\n\r\n\r\n<p>L&#8217;uguaglianza interculturale si riferisce al principio della parit\u00e0 di trattamento e del rispetto di tutte le culture, nonch\u00e9 al riconoscimento della diversit\u00e0 delle espressioni e delle pratiche culturali.<\/p>\r\n\r\n\r\n\r\n<h2 class=\"wp-block-heading\"><strong><a href=\"\/it\/equality-in-opportunities-in-labour-market\/\">Uguaglianza di opportunit\u00e0 nel mercato del lavoro<\/a><\/strong><\/h2>\r\n\r\n\r\n\r\n<p>L&#8217;uguaglianza di opportunit\u00e0 nel mercato del lavoro richiede che non vi siano barriere sistemiche che impediscano agli individui di accedere all&#8217;occupazione o di avanzare nella carriera.<\/p>\r\n\r\n\r\n\r\n<h2 class=\"wp-block-heading\"><strong><a href=\"\/it\/economic-equality\/\">Uguaglianza economica<\/a><\/strong><\/h2>\r\n\r\n\r\n\r\n<p>L&#8217;uguaglianza economica si riferisce al principio della parit\u00e0 di accesso alle risorse economiche, alle opportunit\u00e0 e ai riconoscimenti per tutti gli individui.<\/p>\r\n\r\n\r\n\r\n<h2 class=\"wp-block-heading\"><strong><a href=\"\/it\/equality-for-persons-with-disabilities\/\">Uguaglianza per le persone con disabilit\u00e0<\/a><\/strong><\/h2>\r\n\r\n\r\n\r\n<p>L&#8217;uguaglianza per le persone con disabilit\u00e0 significa che gli individui con disabilit\u00e0 devono avere le stesse opportunit\u00e0, diritti e accesso alle risorse di quelli senza disabilit\u00e0.<\/p>\r\n\r\n\r\n\r\n<h2 class=\"wp-block-heading\"><strong><a href=\"\/it\/social-equality\/\">Uguaglianza sociale<\/a><\/strong><\/h2>\r\n\r\n\r\n\r\n<p>L&#8217;uguaglianza sociale si riferisce al principio dell&#8217;uguaglianza di trattamento e di opportunit\u00e0 per tutti gli individui di una societ\u00e0, indipendentemente dal loro background, dallo status sociale o da altre caratteristiche personali.<\/p>\r\n\r\n\r\n\r\n<h2 class=\"wp-block-heading\"><strong><a href=\"\/it\/gender-equality\/\">Uguaglianza di genere<\/a><\/strong><\/h2>\r\n\r\n\r\n\r\n<p>L&#8217;uguaglianza di genere si riferisce alla parit\u00e0 di diritti, opportunit\u00e0 e trattamento degli individui indipendentemente dal loro genere.<\/p>\r\n","protected":false},"excerpt":{"rendered":"<p>Il Progetto DOEER ha selezionato e descritto specifiche dimensioni dell\u2019Uguaglianza<\/p>\n","protected":false},"author":3,"featured_media":979,"comment_status":"closed","ping_status":"open","sticky":false,"template":"","format":"standard","meta":{"pgc_sgb_lightbox_settings":"","footnotes":""},"categories":[24],"tags":[],"class_list":["post-909","post","type-post","status-publish","format-standard","has-post-thumbnail","hentry","category-news"],"_links":{"self":[{"href":"https:\/\/www.doeer.eu\/it\/wp-json\/wp\/v2\/posts\/909","targetHints":{"allow":["GET"]}}],"collection":[{"href":"https:\/\/www.doeer.eu\/it\/wp-json\/wp\/v2\/posts"}],"about":[{"href":"https:\/\/www.doeer.eu\/it\/wp-json\/wp\/v2\/types\/post"}],"author":[{"embeddable":true,"href":"https:\/\/www.doeer.eu\/it\/wp-json\/wp\/v2\/users\/3"}],"replies":[{"embeddable":true,"href":"https:\/\/www.doeer.eu\/it\/wp-json\/wp\/v2\/comments?post=909"}],"version-history":[{"count":15,"href":"https:\/\/www.doeer.eu\/it\/wp-json\/wp\/v2\/posts\/909\/revisions"}],"predecessor-version":[{"id":978,"href":"https:\/\/www.doeer.eu\/it\/wp-json\/wp\/v2\/posts\/909\/revisions\/978"}],"wp:featuredmedia":[{"embeddable":true,"href":"https:\/\/www.doeer.eu\/it\/wp-json\/wp\/v2\/media\/979"}],"wp:attachment":[{"href":"https:\/\/www.doeer.eu\/it\/wp-json\/wp\/v2\/media?parent=909"}],"wp:term":[{"taxonomy":"category","embeddable":true,"href":"https:\/\/www.doeer.eu\/it\/wp-json\/wp\/v2\/categories?post=909"},{"taxonomy":"post_tag","embeddable":true,"href":"https:\/\/www.doeer.eu\/it\/wp-json\/wp\/v2\/tags?post=909"}],"curies":[{"name":"wp","href":"https:\/\/api.w.org\/{rel}","templated":true}]}}