{"id":1449,"date":"2025-07-29T15:00:35","date_gmt":"2025-07-29T13:00:35","guid":{"rendered":"https:\/\/www.doeer.eu\/en\/?p=1449"},"modified":"2025-10-28T20:17:52","modified_gmt":"2025-10-28T19:17:52","slug":"future-steps","status":"publish","type":"post","link":"https:\/\/www.doeer.eu\/it\/future-steps\/","title":{"rendered":"Iniziative future  "},"content":{"rendered":"\r\n<p>&nbsp;<\/p>\r\n\r\n\r\n\r\n<figure class=\"wp-block-image size-full\"><img loading=\"lazy\" decoding=\"async\" width=\"662\" height=\"875\" class=\"wp-image-1475\" src=\"https:\/\/www.doeer.eu\/wp-content\/uploads\/2025\/07\/Sustainability.png\" alt=\"\" srcset=\"https:\/\/www.doeer.eu\/wp-content\/uploads\/2025\/07\/Sustainability.png 662w, https:\/\/www.doeer.eu\/wp-content\/uploads\/2025\/07\/Sustainability-227x300.png 227w\" sizes=\"auto, (max-width: 662px) 100vw, 662px\" \/><\/figure>\r\n\r\n\r\n\r\n<p>Al termine del progetto, il team DOEER ha discusso e concordato le componenti del programma di sostenibilit\u00e0. Il programma \u00e8 stato definito nel documento &#8220;Programma di sostenibilit\u00e0 esteso &#8211; Piano strategico sull&#8217;utilizzo dei risultati del progetto Erasmus+ DOEER Digital and Open Education per la resilienza basata sull&#8217;uguaglianza&#8221;.<br \/><br \/><strong><a href=\"https:\/\/www.doeer.eu\/wp-content\/uploads\/2025\/10\/DOEER-Extended-Sustainability.pdf\">Extended Sustainability Programme &#8211; Strategical plan on the use of the results of the Erasmus+ project DOEER Digital and Open Education for equality-based resilience<\/a><\/strong> (English)<br \/><br \/>Inoltre, \u00e8 stato prodotto il video <strong><a href=\"https:\/\/www.doeer.eu\/it\/doeer\/\">\u201cWhat is DOOER?\u201d<\/a><\/strong> come strumento di comunicazione ad uso dei partner per la promozione successiva.<\/p>\r\n","protected":false},"excerpt":{"rendered":"<p>Al termine del progetto, il team DOEER ha definito le componenti del programma di sostenibilit\u00e0 nel documento  \u201cExtended Sustainability Programme &#8211; Strategical plan on the use of the results of the Erasmus+ project DOEER Digital and Open Education for equality-based resilience\u201d e ha creato il video \u201cWhat is DOOER?\u201d, ad uso dei partner nelle loro attivit\u00e0 di follow-up<\/p>\n","protected":false},"author":3,"featured_media":1475,"comment_status":"closed","ping_status":"open","sticky":false,"template":"","format":"standard","meta":{"pgc_sgb_lightbox_settings":"","footnotes":""},"categories":[24],"tags":[],"class_list":["post-1449","post","type-post","status-publish","format-standard","has-post-thumbnail","hentry","category-news"],"_links":{"self":[{"href":"https:\/\/www.doeer.eu\/it\/wp-json\/wp\/v2\/posts\/1449","targetHints":{"allow":["GET"]}}],"collection":[{"href":"https:\/\/www.doeer.eu\/it\/wp-json\/wp\/v2\/posts"}],"about":[{"href":"https:\/\/www.doeer.eu\/it\/wp-json\/wp\/v2\/types\/post"}],"author":[{"embeddable":true,"href":"https:\/\/www.doeer.eu\/it\/wp-json\/wp\/v2\/users\/3"}],"replies":[{"embeddable":true,"href":"https:\/\/www.doeer.eu\/it\/wp-json\/wp\/v2\/comments?post=1449"}],"version-history":[{"count":6,"href":"https:\/\/www.doeer.eu\/it\/wp-json\/wp\/v2\/posts\/1449\/revisions"}],"predecessor-version":[{"id":1486,"href":"https:\/\/www.doeer.eu\/it\/wp-json\/wp\/v2\/posts\/1449\/revisions\/1486"}],"wp:featuredmedia":[{"embeddable":true,"href":"https:\/\/www.doeer.eu\/it\/wp-json\/wp\/v2\/media\/1475"}],"wp:attachment":[{"href":"https:\/\/www.doeer.eu\/it\/wp-json\/wp\/v2\/media?parent=1449"}],"wp:term":[{"taxonomy":"category","embeddable":true,"href":"https:\/\/www.doeer.eu\/it\/wp-json\/wp\/v2\/categories?post=1449"},{"taxonomy":"post_tag","embeddable":true,"href":"https:\/\/www.doeer.eu\/it\/wp-json\/wp\/v2\/tags?post=1449"}],"curies":[{"name":"wp","href":"https:\/\/api.w.org\/{rel}","templated":true}]}}