{"id":1414,"date":"2025-04-24T18:33:39","date_gmt":"2025-04-24T16:33:39","guid":{"rendered":"https:\/\/www.doeer.eu\/en\/?p=1414"},"modified":"2025-10-27T23:03:32","modified_gmt":"2025-10-27T22:03:32","slug":"the-doeer-events","status":"publish","type":"post","link":"https:\/\/www.doeer.eu\/it\/the-doeer-events\/","title":{"rendered":"Gli eventi DOEER di presentazione dei risultati in tutti i paesi del progetto"},"content":{"rendered":"\r\n<figure class=\"wp-block-image size-large\"><img loading=\"lazy\" decoding=\"async\" width=\"1024\" height=\"735\" class=\"wp-image-1435\" src=\"https:\/\/www.doeer.eu\/wp-content\/uploads\/2025\/04\/DOEER_Events-1024x735.jpg\" alt=\"\" srcset=\"https:\/\/www.doeer.eu\/wp-content\/uploads\/2025\/04\/DOEER_Events-1024x735.jpg 1024w, https:\/\/www.doeer.eu\/wp-content\/uploads\/2025\/04\/DOEER_Events-300x215.jpg 300w, https:\/\/www.doeer.eu\/wp-content\/uploads\/2025\/04\/DOEER_Events-768x552.jpg 768w, https:\/\/www.doeer.eu\/wp-content\/uploads\/2025\/04\/DOEER_Events-1536x1103.jpg 1536w, https:\/\/www.doeer.eu\/wp-content\/uploads\/2025\/04\/DOEER_Events-2048x1471.jpg 2048w\" sizes=\"auto, (max-width: 1024px) 100vw, 1024px\" \/><\/figure>\r\n\r\n\r\n\r\n<p>Il team del progetto ha programmato le attivit\u00e0 per presentare i risultati di DOEER, fra le quali gli eventi nazionali nei paesi Spagna, Romania, Slovacchia, Cipro e Slovenia nel periodo aprile-maggio 2025, nonch\u00e9 la conferenza internazionale finale in Italia a giugno 2025.<\/p>\r\n\r\n\r\n\r\n<div class=\"wp-block-spacer\" style=\"height: 20px;\" aria-hidden=\"true\">&nbsp;<\/div>\r\n\r\n\r\n\r\n<h2 class=\"wp-block-heading\">Calendario degli eventi nazionali nei paesi del progetto&nbsp;<\/h2>\r\n\r\n\r\n\r\n<p><strong>28 Aprile 2025<\/strong>: Siviglia, Spagna<br \/><strong>5 Maggio 2025<\/strong>: Bratislava, Slovacchia<br \/><strong>7 Maggio 2025<\/strong>: Lubiana, Slovenia<br \/><strong>20 Maggio 2025<\/strong>: Bucarest, Romania<br \/><strong>26 Maggio 2025<\/strong>: Nicosia, Cipro<\/p>\r\n\r\n\r\n\r\n<div class=\"wp-block-spacer\" style=\"height: 20px;\" aria-hidden=\"true\">&nbsp;<\/div>\r\n\r\n\r\n\r\n<h2 class=\"wp-block-heading\">Conferenza internazionale conclusiva in Italia<\/h2>\r\n\r\n\r\n\r\n<p>La conferenza internazionale conclusiva si terr\u00e0 a Napoli (Italia). L&#8217;evento sar\u00e0 organizzato il 20 giugno 2025 dal coordinatore del progetto, l&#8217;Universit\u00e0 degli Studi di Napoli Federico II &#8211; Dipartimento di Scienze Politiche.<\/p>\r\n","protected":false},"excerpt":{"rendered":"<p>Eventi nazionali di presentazione dei risultati di DOEER  sono programmati in tutti i paesi del progetto nel periodo aprile-giugno 2025<\/p>\n","protected":false},"author":3,"featured_media":1435,"comment_status":"closed","ping_status":"open","sticky":false,"template":"","format":"standard","meta":{"pgc_sgb_lightbox_settings":"","footnotes":""},"categories":[24],"tags":[],"class_list":["post-1414","post","type-post","status-publish","format-standard","has-post-thumbnail","hentry","category-news"],"_links":{"self":[{"href":"https:\/\/www.doeer.eu\/it\/wp-json\/wp\/v2\/posts\/1414","targetHints":{"allow":["GET"]}}],"collection":[{"href":"https:\/\/www.doeer.eu\/it\/wp-json\/wp\/v2\/posts"}],"about":[{"href":"https:\/\/www.doeer.eu\/it\/wp-json\/wp\/v2\/types\/post"}],"author":[{"embeddable":true,"href":"https:\/\/www.doeer.eu\/it\/wp-json\/wp\/v2\/users\/3"}],"replies":[{"embeddable":true,"href":"https:\/\/www.doeer.eu\/it\/wp-json\/wp\/v2\/comments?post=1414"}],"version-history":[{"count":17,"href":"https:\/\/www.doeer.eu\/it\/wp-json\/wp\/v2\/posts\/1414\/revisions"}],"predecessor-version":[{"id":1464,"href":"https:\/\/www.doeer.eu\/it\/wp-json\/wp\/v2\/posts\/1414\/revisions\/1464"}],"wp:featuredmedia":[{"embeddable":true,"href":"https:\/\/www.doeer.eu\/it\/wp-json\/wp\/v2\/media\/1435"}],"wp:attachment":[{"href":"https:\/\/www.doeer.eu\/it\/wp-json\/wp\/v2\/media?parent=1414"}],"wp:term":[{"taxonomy":"category","embeddable":true,"href":"https:\/\/www.doeer.eu\/it\/wp-json\/wp\/v2\/categories?post=1414"},{"taxonomy":"post_tag","embeddable":true,"href":"https:\/\/www.doeer.eu\/it\/wp-json\/wp\/v2\/tags?post=1414"}],"curies":[{"name":"wp","href":"https:\/\/api.w.org\/{rel}","templated":true}]}}