{"id":1276,"date":"2024-11-26T09:09:53","date_gmt":"2024-11-26T08:09:53","guid":{"rendered":"https:\/\/www.doeer.eu\/en\/?p=1276"},"modified":"2024-11-28T21:43:17","modified_gmt":"2024-11-28T20:43:17","slug":"attendees-evaluation-of-the-training-event-in-spain","status":"publish","type":"post","link":"https:\/\/www.doeer.eu\/it\/attendees-evaluation-of-the-training-event-in-spain\/","title":{"rendered":"Valutazione dei partecipanti all'evento formativo in Spagna"},"content":{"rendered":"\r\n<figure class=\"wp-block-image size-large\"><img loading=\"lazy\" decoding=\"async\" width=\"1024\" height=\"737\" class=\"wp-image-1317\" src=\"https:\/\/www.doeer.eu\/wp-content\/uploads\/2024\/11\/20241022_160349-scaled-e1732658775303-1024x737.jpg\" alt=\"\" srcset=\"https:\/\/www.doeer.eu\/wp-content\/uploads\/2024\/11\/20241022_160349-scaled-e1732658775303-1024x737.jpg 1024w, https:\/\/www.doeer.eu\/wp-content\/uploads\/2024\/11\/20241022_160349-scaled-e1732658775303-300x216.jpg 300w, https:\/\/www.doeer.eu\/wp-content\/uploads\/2024\/11\/20241022_160349-scaled-e1732658775303-768x553.jpg 768w, https:\/\/www.doeer.eu\/wp-content\/uploads\/2024\/11\/20241022_160349-scaled-e1732658775303.jpg 1440w\" sizes=\"auto, (max-width: 1024px) 100vw, 1024px\" \/><\/figure>\r\n\r\n\r\n\r\n<p>L&#8217;evento di formazione tra pari si \u00e8 svolto dal 22 al 25 ottobre in Spagna. L&#8217;attivit\u00e0 \u00e8 stata organizzata dal partner EUSA con il supporto della Camera di Commercio di Siviglia e ha visto la partecipazione di un totale di 20 professionisti delle organizzazioni partner del progetto.<br \/>Oltre al contributo di esperti spagnoli che hanno presentato le loro ricerche e il loro lavoro nel campo del turismo inclusivo, i partecipanti hanno condiviso idee e discussioni dettagliate sul corso DOEER sulle pratiche basate sull&#8217;uguaglianza nel turismo.<br \/>Alla fine dell&#8217;evento, tutti i partecipanti hanno fornito il loro feedback sull&#8217;attivit\u00e0 conclusa.<\/p>\r\n\r\n\r\n\r\n<figure class=\"wp-block-image size-large\"><img loading=\"lazy\" decoding=\"async\" width=\"1024\" height=\"935\" class=\"wp-image-1318\" src=\"https:\/\/www.doeer.eu\/wp-content\/uploads\/2024\/11\/LTTA3-scaled-e1732658567692-1024x935.jpg\" alt=\"\" srcset=\"https:\/\/www.doeer.eu\/wp-content\/uploads\/2024\/11\/LTTA3-scaled-e1732658567692-1024x935.jpg 1024w, https:\/\/www.doeer.eu\/wp-content\/uploads\/2024\/11\/LTTA3-scaled-e1732658567692-300x274.jpg 300w, https:\/\/www.doeer.eu\/wp-content\/uploads\/2024\/11\/LTTA3-scaled-e1732658567692-768x701.jpg 768w, https:\/\/www.doeer.eu\/wp-content\/uploads\/2024\/11\/LTTA3-scaled-e1732658567692.jpg 1529w\" sizes=\"auto, (max-width: 1024px) 100vw, 1024px\" \/><\/figure>\r\n\r\n\r\n\r\n<p><strong>Alcuni dei commenti dei partecipanti sull&#8217;attivit\u00e0 conclusa:<\/strong><br \/><em>\u201cI relatori sono stati molto chiari nelle loro spiegazioni e hanno dedicato molto tempo ad ogni lezione\u201d.<\/em><br \/><em>\u201cAssolutamente eccellente\u201d<\/em><br \/><em>\u201cIl corso DOEER sulle pratiche basate sull&#8217;uguaglianza nel turismo \u00e8 stato trattato in modo pertinente e funzionale dai partner coinvolti nel progetto. \u00c8 uno strumento da utilizzare in modo efficace e valido\u201d.<\/em><br \/><strong><br \/>I partecipanti hanno portato a casa dall&#8217;evento:<\/strong><br \/><em>\u201cCondivisione, relazioni, discussione su temi fondamentali\u201d.<\/em><br \/><em>\u201cInterazione e conoscenza con i partner europei su un argomento interessante e utile; partecipazione attiva e discussione sugli argomenti; trattazione dell&#8217;argomento con approcci e strumenti innovativi\u201d.<\/em><br \/><em>\u201cSoddisfazione per il lavoro comune svolto sul corso, visione completa e dettagliata del corso DOEER che verr\u00e0 erogato e idee sulle opportunit\u00e0 di cooperazione con altri progetti europei in aree simili\u201d.<\/em><\/p>\r\n\r\n\r\n\r\n<p>&nbsp;<\/p>\r\n","protected":false},"excerpt":{"rendered":"<p>Commenti dei 20 partecipanti delle organizzazioni partner che hanno partecipato alla formazione a Siviglia,  in Spagna<\/p>\n","protected":false},"author":3,"featured_media":1318,"comment_status":"closed","ping_status":"open","sticky":false,"template":"","format":"standard","meta":{"pgc_sgb_lightbox_settings":"","footnotes":""},"categories":[24],"tags":[],"class_list":["post-1276","post","type-post","status-publish","format-standard","has-post-thumbnail","hentry","category-news"],"_links":{"self":[{"href":"https:\/\/www.doeer.eu\/it\/wp-json\/wp\/v2\/posts\/1276","targetHints":{"allow":["GET"]}}],"collection":[{"href":"https:\/\/www.doeer.eu\/it\/wp-json\/wp\/v2\/posts"}],"about":[{"href":"https:\/\/www.doeer.eu\/it\/wp-json\/wp\/v2\/types\/post"}],"author":[{"embeddable":true,"href":"https:\/\/www.doeer.eu\/it\/wp-json\/wp\/v2\/users\/3"}],"replies":[{"embeddable":true,"href":"https:\/\/www.doeer.eu\/it\/wp-json\/wp\/v2\/comments?post=1276"}],"version-history":[{"count":3,"href":"https:\/\/www.doeer.eu\/it\/wp-json\/wp\/v2\/posts\/1276\/revisions"}],"predecessor-version":[{"id":1327,"href":"https:\/\/www.doeer.eu\/it\/wp-json\/wp\/v2\/posts\/1276\/revisions\/1327"}],"wp:featuredmedia":[{"embeddable":true,"href":"https:\/\/www.doeer.eu\/it\/wp-json\/wp\/v2\/media\/1318"}],"wp:attachment":[{"href":"https:\/\/www.doeer.eu\/it\/wp-json\/wp\/v2\/media?parent=1276"}],"wp:term":[{"taxonomy":"category","embeddable":true,"href":"https:\/\/www.doeer.eu\/it\/wp-json\/wp\/v2\/categories?post=1276"},{"taxonomy":"post_tag","embeddable":true,"href":"https:\/\/www.doeer.eu\/it\/wp-json\/wp\/v2\/tags?post=1276"}],"curies":[{"name":"wp","href":"https:\/\/api.w.org\/{rel}","templated":true}]}}