{"id":1278,"date":"2024-11-26T09:11:49","date_gmt":"2024-11-26T08:11:49","guid":{"rendered":"https:\/\/www.doeer.eu\/en\/?p=1278"},"modified":"2024-11-26T23:11:00","modified_gmt":"2024-11-26T22:11:00","slug":"the-pilot-learning-for-the-university-students-from-all-project-countries","status":"publish","type":"post","link":"https:\/\/www.doeer.eu\/es\/the-pilot-learning-for-the-university-students-from-all-project-countries\/","title":{"rendered":"El aprendizaje piloto para los estudiantes universitarios de todos los pa\u00edses del proyecto"},"content":{"rendered":"\r\n<figure class=\"wp-block-image size-large\"><img loading=\"lazy\" decoding=\"async\" width=\"1024\" height=\"768\" class=\"wp-image-1298\" src=\"https:\/\/www.doeer.eu\/wp-content\/uploads\/2024\/11\/IMG-20241022-WA0017-1024x768.jpg\" alt=\"\" srcset=\"https:\/\/www.doeer.eu\/wp-content\/uploads\/2024\/11\/IMG-20241022-WA0017-1024x768.jpg 1024w, https:\/\/www.doeer.eu\/wp-content\/uploads\/2024\/11\/IMG-20241022-WA0017-300x225.jpg 300w, https:\/\/www.doeer.eu\/wp-content\/uploads\/2024\/11\/IMG-20241022-WA0017-768x576.jpg 768w, https:\/\/www.doeer.eu\/wp-content\/uploads\/2024\/11\/IMG-20241022-WA0017-1536x1152.jpg 1536w, https:\/\/www.doeer.eu\/wp-content\/uploads\/2024\/11\/IMG-20241022-WA0017.jpg 1600w\" sizes=\"auto, (max-width: 1024px) 100vw, 1024px\" \/><\/figure>\r\n\r\n\r\n\r\n<p>El equipo del proyecto est\u00e1 programado para el primer trimestre de 2025 y est\u00e1 organizando el aprendizaje piloto para los estudiantes de educaci\u00f3n superior.<br \/>El programa incluye talleres introductorios en todos los pa\u00edses del proyecto organizados por la universidad asociada, para un total de 400 de sus estudiantes, y una actividad de aprendizaje organizada en persona en Eslovenia, en la que participar\u00e1n 30 estudiantes de educaci\u00f3n superior.<br \/>El pilotaje estar\u00e1 respaldado por directrices espec\u00edficas sobre objetivos comunes y recomendaciones sobre c\u00f3mo utilizar todos los resultados del proyecto.<\/p>\r\n\r\n\r\n\r\n<p>&nbsp;<\/p>\r\n","protected":false},"excerpt":{"rendered":"<p>Programa del aprendizaje piloto para estudiantes de educaci\u00f3n superior de las universidades del proyecto, que est\u00e1 previsto que se celebre en el primer trimestre de 2025<\/p>\n","protected":false},"author":3,"featured_media":1298,"comment_status":"closed","ping_status":"open","sticky":false,"template":"","format":"standard","meta":{"pgc_sgb_lightbox_settings":"","footnotes":""},"categories":[24],"tags":[],"class_list":["post-1278","post","type-post","status-publish","format-standard","has-post-thumbnail","hentry","category-news"],"_links":{"self":[{"href":"https:\/\/www.doeer.eu\/es\/wp-json\/wp\/v2\/posts\/1278","targetHints":{"allow":["GET"]}}],"collection":[{"href":"https:\/\/www.doeer.eu\/es\/wp-json\/wp\/v2\/posts"}],"about":[{"href":"https:\/\/www.doeer.eu\/es\/wp-json\/wp\/v2\/types\/post"}],"author":[{"embeddable":true,"href":"https:\/\/www.doeer.eu\/es\/wp-json\/wp\/v2\/users\/3"}],"replies":[{"embeddable":true,"href":"https:\/\/www.doeer.eu\/es\/wp-json\/wp\/v2\/comments?post=1278"}],"version-history":[{"count":2,"href":"https:\/\/www.doeer.eu\/es\/wp-json\/wp\/v2\/posts\/1278\/revisions"}],"predecessor-version":[{"id":1321,"href":"https:\/\/www.doeer.eu\/es\/wp-json\/wp\/v2\/posts\/1278\/revisions\/1321"}],"wp:featuredmedia":[{"embeddable":true,"href":"https:\/\/www.doeer.eu\/es\/wp-json\/wp\/v2\/media\/1298"}],"wp:attachment":[{"href":"https:\/\/www.doeer.eu\/es\/wp-json\/wp\/v2\/media?parent=1278"}],"wp:term":[{"taxonomy":"category","embeddable":true,"href":"https:\/\/www.doeer.eu\/es\/wp-json\/wp\/v2\/categories?post=1278"},{"taxonomy":"post_tag","embeddable":true,"href":"https:\/\/www.doeer.eu\/es\/wp-json\/wp\/v2\/tags?post=1278"}],"curies":[{"name":"wp","href":"https:\/\/api.w.org\/{rel}","templated":true}]}}